{"id":10882,"date":"2025-11-03T20:37:13","date_gmt":"2025-11-03T20:37:13","guid":{"rendered":"https:\/\/culturanacionalschool.hn\/?p=10882"},"modified":"2025-11-03T20:39:57","modified_gmt":"2025-11-03T20:39:57","slug":"science-fair-project-2024-cultura-nacional-school-sede-sur","status":"publish","type":"post","link":"https:\/\/culturanacionalschool.hn\/index.php\/2025\/11\/03\/science-fair-project-2024-cultura-nacional-school-sede-sur\/","title":{"rendered":"Science Fair Project 2024 | Cultura Nacional School \u2013 Sede Sur"},"content":{"rendered":"\n<p>La <strong>Feria Cient\u00edfica 2024<\/strong> en el <strong>Cultura Nacional School \u2013 Sede Sur<\/strong> fue un evento lleno de creatividad, curiosidad y aprendizaje. Desde los m\u00e1s peque\u00f1os hasta los estudiantes de los grados mayores, todos <strong>deslumbraron con sus proyectos innovadores<\/strong>, demostrando su inter\u00e9s por la ciencia y su capacidad para investigar, experimentar y presentar ideas con claridad y entusiasmo.<\/p>\n\n\n\n<p>Los stands estuvieron repletos de color, ingenio y conocimiento, donde cada grupo mostr\u00f3 el resultado de semanas de trabajo, esfuerzo y dedicaci\u00f3n. Pudieron apreciar desde sencillos experimentos de los primeros grados hasta proyectos m\u00e1s complejos que reflejaron la madurez y el pensamiento cr\u00edtico de los alumnos mayores.<\/p>\n\n\n\n<p>El evento no solo promovi\u00f3 el aprendizaje cient\u00edfico, sino tambi\u00e9n el trabajo en equipo, la creatividad y la expresi\u00f3n de nuevas ideas. La comunidad educativa del <strong>Cultura Nacional School \u2013 Sede Sur<\/strong> se mostr\u00f3 orgullosa de ver c\u00f3mo sus estudiantes combinan la teor\u00eda con la pr\u00e1ctica para construir conocimiento y compartirlo con entusiasmo.<\/p>\n","protected":false},"excerpt":{"rendered":"<p>La Feria Cient\u00edfica 2024 en el Cultura Nacional School \u2013 Sede Sur fue un evento lleno de creatividad, curiosidad y aprendizaje. Desde los m\u00e1s peque\u00f1os hasta los estudiantes de los [&hellip;]<\/p>\n","protected":false},"author":5,"featured_media":10889,"comment_status":"open","ping_status":"open","sticky":false,"template":"","format":"standard","meta":{"footnotes":""},"categories":[2,159],"tags":[202,201],"class_list":["post-10882","post","type-post","status-publish","format-standard","has-post-thumbnail","hentry","category-blog","category-sur-school","tag-cultura-nacional-school-sede-sur","tag-science-fair-project-2024"],"_links":{"self":[{"href":"https:\/\/culturanacionalschool.hn\/index.php\/wp-json\/wp\/v2\/posts\/10882","targetHints":{"allow":["GET"]}}],"collection":[{"href":"https:\/\/culturanacionalschool.hn\/index.php\/wp-json\/wp\/v2\/posts"}],"about":[{"href":"https:\/\/culturanacionalschool.hn\/index.php\/wp-json\/wp\/v2\/types\/post"}],"author":[{"embeddable":true,"href":"https:\/\/culturanacionalschool.hn\/index.php\/wp-json\/wp\/v2\/users\/5"}],"replies":[{"embeddable":true,"href":"https:\/\/culturanacionalschool.hn\/index.php\/wp-json\/wp\/v2\/comments?post=10882"}],"version-history":[{"count":4,"href":"https:\/\/culturanacionalschool.hn\/index.php\/wp-json\/wp\/v2\/posts\/10882\/revisions"}],"predecessor-version":[{"id":10904,"href":"https:\/\/culturanacionalschool.hn\/index.php\/wp-json\/wp\/v2\/posts\/10882\/revisions\/10904"}],"wp:featuredmedia":[{"embeddable":true,"href":"https:\/\/culturanacionalschool.hn\/index.php\/wp-json\/wp\/v2\/media\/10889"}],"wp:attachment":[{"href":"https:\/\/culturanacionalschool.hn\/index.php\/wp-json\/wp\/v2\/media?parent=10882"}],"wp:term":[{"taxonomy":"category","embeddable":true,"href":"https:\/\/culturanacionalschool.hn\/index.php\/wp-json\/wp\/v2\/categories?post=10882"},{"taxonomy":"post_tag","embeddable":true,"href":"https:\/\/culturanacionalschool.hn\/index.php\/wp-json\/wp\/v2\/tags?post=10882"}],"curies":[{"name":"wp","href":"https:\/\/api.w.org\/{rel}","templated":true}]}}