{"id":10905,"date":"2025-11-03T21:05:37","date_gmt":"2025-11-03T21:05:37","guid":{"rendered":"https:\/\/culturanacionalschool.hn\/?p=10905"},"modified":"2025-11-03T21:05:41","modified_gmt":"2025-11-03T21:05:41","slug":"dia-del-estudiante-2024-cultura-nacional-school-sede-sur","status":"publish","type":"post","link":"https:\/\/culturanacionalschool.hn\/index.php\/2025\/11\/03\/dia-del-estudiante-2024-cultura-nacional-school-sede-sur\/","title":{"rendered":"D\u00eda del Estudiante 2024 \u2013 Cultura Nacional School-Sede Sur"},"content":{"rendered":"\n<p>El <strong>Cultura Nacional School \u2013 Sede Sur<\/strong> celebr\u00f3 con gran entusiasmo el <strong>D\u00eda del Estudiante 2024<\/strong>, una jornada llena de alegr\u00eda, energ\u00eda y diversi\u00f3n, ambientada en la vibrante <strong>tem\u00e1tica de los a\u00f1os 80<\/strong>.<\/p>\n\n\n\n<p>Los pasillos del colegio se llenaron de color, m\u00fasica retro y un ambiente festivo que transport\u00f3 a todos a una \u00e9poca inolvidable. Con atuendos llamativos, peinados extravagantes y mucho estilo, los estudiantes disfrutaron de un d\u00eda diferente, lleno de actividades recreativas, concursos, juegos y momentos de mucha diversi\u00f3n.<\/p>\n\n\n\n<p>Como parte de la celebraci\u00f3n, los ni\u00f1os tambi\u00e9n <strong>disfrutaron de deliciosos tacos<\/strong>, compartiendo entre risas y buena m\u00fasica, lo que hizo de la jornada una experiencia a\u00fan m\u00e1s especial.<\/p>\n\n\n\n<p>El evento fue una muestra del entusiasmo y la uni\u00f3n que caracterizan a la comunidad educativa del <strong>Cultura Nacional School \u2013 Sede Sur<\/strong>, reafirmando su compromiso con brindar experiencias significativas y llenas de diversi\u00f3n.<\/p>\n","protected":false},"excerpt":{"rendered":"<p>El Cultura Nacional School \u2013 Sede Sur celebr\u00f3 con gran entusiasmo el D\u00eda del Estudiante 2024, una jornada llena de alegr\u00eda, energ\u00eda y diversi\u00f3n, ambientada en la vibrante tem\u00e1tica de [&hellip;]<\/p>\n","protected":false},"author":5,"featured_media":10906,"comment_status":"open","ping_status":"open","sticky":false,"template":"","format":"standard","meta":{"footnotes":""},"categories":[2,159],"tags":[205,154,203],"class_list":["post-10905","post","type-post","status-publish","format-standard","has-post-thumbnail","hentry","category-blog","category-sur-school","tag-80s","tag-cultura-nacional","tag-dia-del-estudiate"],"_links":{"self":[{"href":"https:\/\/culturanacionalschool.hn\/index.php\/wp-json\/wp\/v2\/posts\/10905","targetHints":{"allow":["GET"]}}],"collection":[{"href":"https:\/\/culturanacionalschool.hn\/index.php\/wp-json\/wp\/v2\/posts"}],"about":[{"href":"https:\/\/culturanacionalschool.hn\/index.php\/wp-json\/wp\/v2\/types\/post"}],"author":[{"embeddable":true,"href":"https:\/\/culturanacionalschool.hn\/index.php\/wp-json\/wp\/v2\/users\/5"}],"replies":[{"embeddable":true,"href":"https:\/\/culturanacionalschool.hn\/index.php\/wp-json\/wp\/v2\/comments?post=10905"}],"version-history":[{"count":2,"href":"https:\/\/culturanacionalschool.hn\/index.php\/wp-json\/wp\/v2\/posts\/10905\/revisions"}],"predecessor-version":[{"id":10926,"href":"https:\/\/culturanacionalschool.hn\/index.php\/wp-json\/wp\/v2\/posts\/10905\/revisions\/10926"}],"wp:featuredmedia":[{"embeddable":true,"href":"https:\/\/culturanacionalschool.hn\/index.php\/wp-json\/wp\/v2\/media\/10906"}],"wp:attachment":[{"href":"https:\/\/culturanacionalschool.hn\/index.php\/wp-json\/wp\/v2\/media?parent=10905"}],"wp:term":[{"taxonomy":"category","embeddable":true,"href":"https:\/\/culturanacionalschool.hn\/index.php\/wp-json\/wp\/v2\/categories?post=10905"},{"taxonomy":"post_tag","embeddable":true,"href":"https:\/\/culturanacionalschool.hn\/index.php\/wp-json\/wp\/v2\/tags?post=10905"}],"curies":[{"name":"wp","href":"https:\/\/api.w.org\/{rel}","templated":true}]}}