{"id":10928,"date":"2025-11-04T15:02:20","date_gmt":"2025-11-04T15:02:20","guid":{"rendered":"https:\/\/culturanacionalschool.hn\/?p=10928"},"modified":"2025-11-04T15:18:43","modified_gmt":"2025-11-04T15:18:43","slug":"4th-of-july","status":"publish","type":"post","link":"https:\/\/culturanacionalschool.hn\/index.php\/2025\/11\/04\/4th-of-july\/","title":{"rendered":"4th Of July 2024 | Cultura Nacional School-Sede Sur"},"content":{"rendered":"\n<p>El <strong>4th of July<\/strong> fue celebrado en el <strong>Cultura Nacional School \u2013 Sede Sur<\/strong> con gran entusiasmo y participaci\u00f3n de toda la comunidad educativa. Durante la jornada, los estudiantes realizaron presentaciones y exposiciones alusivas a la independencia de Estados Unidos.<\/p>\n\n\n\n<p>Adem\u00e1s, se llev\u00f3 a cabo una degustaci\u00f3n de comida t\u00edpica de cada estado, y los ni\u00f1os se vistieron con atuendos representativos de las distintas regiones del pa\u00eds norteamericano. El colegio se llen\u00f3 de los colores rojo, blanco y azul, creando un ambiente festivo que promovi\u00f3 el aprendizaje cultural y el respeto por las tradiciones de otros pa\u00edses.<\/p>\n","protected":false},"excerpt":{"rendered":"<p>El 4th of July fue celebrado en el Cultura Nacional School \u2013 Sede Sur con gran entusiasmo y participaci\u00f3n de toda la comunidad educativa. Durante la jornada, los estudiantes realizaron [&hellip;]<\/p>\n","protected":false},"author":5,"featured_media":10947,"comment_status":"open","ping_status":"open","sticky":false,"template":"","format":"standard","meta":{"footnotes":""},"categories":[2,159],"tags":[206,202,207],"class_list":["post-10928","post","type-post","status-publish","format-standard","has-post-thumbnail","hentry","category-blog","category-sur-school","tag-4thofjuly","tag-cultura-nacional-school-sede-sur","tag-independencia"],"_links":{"self":[{"href":"https:\/\/culturanacionalschool.hn\/index.php\/wp-json\/wp\/v2\/posts\/10928","targetHints":{"allow":["GET"]}}],"collection":[{"href":"https:\/\/culturanacionalschool.hn\/index.php\/wp-json\/wp\/v2\/posts"}],"about":[{"href":"https:\/\/culturanacionalschool.hn\/index.php\/wp-json\/wp\/v2\/types\/post"}],"author":[{"embeddable":true,"href":"https:\/\/culturanacionalschool.hn\/index.php\/wp-json\/wp\/v2\/users\/5"}],"replies":[{"embeddable":true,"href":"https:\/\/culturanacionalschool.hn\/index.php\/wp-json\/wp\/v2\/comments?post=10928"}],"version-history":[{"count":5,"href":"https:\/\/culturanacionalschool.hn\/index.php\/wp-json\/wp\/v2\/posts\/10928\/revisions"}],"predecessor-version":[{"id":10969,"href":"https:\/\/culturanacionalschool.hn\/index.php\/wp-json\/wp\/v2\/posts\/10928\/revisions\/10969"}],"wp:featuredmedia":[{"embeddable":true,"href":"https:\/\/culturanacionalschool.hn\/index.php\/wp-json\/wp\/v2\/media\/10947"}],"wp:attachment":[{"href":"https:\/\/culturanacionalschool.hn\/index.php\/wp-json\/wp\/v2\/media?parent=10928"}],"wp:term":[{"taxonomy":"category","embeddable":true,"href":"https:\/\/culturanacionalschool.hn\/index.php\/wp-json\/wp\/v2\/categories?post=10928"},{"taxonomy":"post_tag","embeddable":true,"href":"https:\/\/culturanacionalschool.hn\/index.php\/wp-json\/wp\/v2\/tags?post=10928"}],"curies":[{"name":"wp","href":"https:\/\/api.w.org\/{rel}","templated":true}]}}