{"id":10970,"date":"2025-11-04T15:31:40","date_gmt":"2025-11-04T15:31:40","guid":{"rendered":"https:\/\/culturanacionalschool.hn\/?p=10970"},"modified":"2025-11-04T15:43:48","modified_gmt":"2025-11-04T15:43:48","slug":"dia-del-cacique-lempira-2024-cultura-nacional-school-sede-sur","status":"publish","type":"post","link":"https:\/\/culturanacionalschool.hn\/index.php\/2025\/11\/04\/dia-del-cacique-lempira-2024-cultura-nacional-school-sede-sur\/","title":{"rendered":"D\u00eda del Cacique Lempira 2024 | Cultura Nacional School- Sede Sur"},"content":{"rendered":"\n<p>El <strong>D\u00eda del Cacique Lempira<\/strong> fue celebrado en el <strong>Cultura Nacional School \u2013 Sede Sur<\/strong> con gran orgullo y alegr\u00eda, resaltando el valor y la herencia cultural del pueblo lenca. Durante la jornada, los estudiantes participaron en diversas actividades, entre ellas la elecci\u00f3n de <strong>la India Bonita y el Indio<\/strong>, representando con orgullo las tradiciones hondure\u00f1as.<\/p>\n\n\n\n<p>Cada grado realiz\u00f3 presentaciones alusivas a la cultura y al legado del Cacique Lempira, mostrando bailes, dramatizaciones y trajes t\u00edpicos. Adem\u00e1s, se realiz\u00f3 una <strong>degustaci\u00f3n de comida tradicional<\/strong>, donde todos pudieron disfrutar de los sabores t\u00edpicos de Honduras<\/p>\n\n\n\n<p>Como parte especial de la celebraci\u00f3n, se cont\u00f3 con la presencia de un <strong>caballo y una vaca<\/strong>, lo que dio un toque aut\u00e9ntico al ambiente festivo y educativo de la jornada.<\/p>\n","protected":false},"excerpt":{"rendered":"<p>El D\u00eda del Cacique Lempira fue celebrado en el Cultura Nacional School \u2013 Sede Sur con gran orgullo y alegr\u00eda, resaltando el valor y la herencia cultural del pueblo lenca. [&hellip;]<\/p>\n","protected":false},"author":5,"featured_media":11008,"comment_status":"open","ping_status":"open","sticky":false,"template":"","format":"standard","meta":{"footnotes":""},"categories":[2,159],"tags":[202,208],"class_list":["post-10970","post","type-post","status-publish","format-standard","has-post-thumbnail","hentry","category-blog","category-sur-school","tag-cultura-nacional-school-sede-sur","tag-disdelcaciquelempira"],"_links":{"self":[{"href":"https:\/\/culturanacionalschool.hn\/index.php\/wp-json\/wp\/v2\/posts\/10970","targetHints":{"allow":["GET"]}}],"collection":[{"href":"https:\/\/culturanacionalschool.hn\/index.php\/wp-json\/wp\/v2\/posts"}],"about":[{"href":"https:\/\/culturanacionalschool.hn\/index.php\/wp-json\/wp\/v2\/types\/post"}],"author":[{"embeddable":true,"href":"https:\/\/culturanacionalschool.hn\/index.php\/wp-json\/wp\/v2\/users\/5"}],"replies":[{"embeddable":true,"href":"https:\/\/culturanacionalschool.hn\/index.php\/wp-json\/wp\/v2\/comments?post=10970"}],"version-history":[{"count":5,"href":"https:\/\/culturanacionalschool.hn\/index.php\/wp-json\/wp\/v2\/posts\/10970\/revisions"}],"predecessor-version":[{"id":11018,"href":"https:\/\/culturanacionalschool.hn\/index.php\/wp-json\/wp\/v2\/posts\/10970\/revisions\/11018"}],"wp:featuredmedia":[{"embeddable":true,"href":"https:\/\/culturanacionalschool.hn\/index.php\/wp-json\/wp\/v2\/media\/11008"}],"wp:attachment":[{"href":"https:\/\/culturanacionalschool.hn\/index.php\/wp-json\/wp\/v2\/media?parent=10970"}],"wp:term":[{"taxonomy":"category","embeddable":true,"href":"https:\/\/culturanacionalschool.hn\/index.php\/wp-json\/wp\/v2\/categories?post=10970"},{"taxonomy":"post_tag","embeddable":true,"href":"https:\/\/culturanacionalschool.hn\/index.php\/wp-json\/wp\/v2\/tags?post=10970"}],"curies":[{"name":"wp","href":"https:\/\/api.w.org\/{rel}","templated":true}]}}