{"id":11157,"date":"2025-11-04T18:31:44","date_gmt":"2025-11-04T18:31:44","guid":{"rendered":"https:\/\/culturanacionalschool.hn\/?p=11157"},"modified":"2025-11-04T18:31:48","modified_gmt":"2025-11-04T18:31:48","slug":"desfile-de-prescolar-y-primaria-2024-cultura-nacional-school-sede-sur","status":"publish","type":"post","link":"https:\/\/culturanacionalschool.hn\/index.php\/2025\/11\/04\/desfile-de-prescolar-y-primaria-2024-cultura-nacional-school-sede-sur\/","title":{"rendered":"Desfile de Prescolar y Primaria 2024 | Cultura Nacional School- Sede Sur"},"content":{"rendered":"\n<p>Los <strong>desfiles de Preescolar y Primaria<\/strong> del <strong>Cultura Nacional School \u2013 Sede Sur<\/strong> se realizaron con gran entusiasmo y participaci\u00f3n de toda la comunidad educativa. Los m\u00e1s peque\u00f1os lucieron con orgullo sus uniformes y trajes alusivos, marchando al ritmo de la m\u00fasica y mostrando su amor por los s\u00edmbolos patrios. Los estudiantes de Primaria acompa\u00f1aron con paso firme y alegr\u00eda, destacando la disciplina, el respeto y el esp\u00edritu c\u00edvico que caracteriza a la instituci\u00f3n.<\/p>\n\n\n\n<p>El <strong>Cultura Nacional School \u2013 Sede Sur<\/strong> deslumbr\u00f3 con su <strong>cuadro de palillonas<\/strong>, donde todas las ni\u00f1as lucieron <strong>hermosas y radiantes<\/strong>, llenando el desfile de elegancia, color y gracia. Las familias y docentes aplaudieron con emoci\u00f3n cada presentaci\u00f3n, convirtiendo la jornada en una verdadera fiesta de orgullo, unidad y amor por la patria.<\/p>\n","protected":false},"excerpt":{"rendered":"<p>Los desfiles de Preescolar y Primaria del Cultura Nacional School \u2013 Sede Sur se realizaron con gran entusiasmo y participaci\u00f3n de toda la comunidad educativa. Los m\u00e1s peque\u00f1os lucieron con [&hellip;]<\/p>\n","protected":false},"author":5,"featured_media":11080,"comment_status":"open","ping_status":"open","sticky":false,"template":"","format":"standard","meta":{"footnotes":""},"categories":[2,159],"tags":[213,202,207],"class_list":["post-11157","post","type-post","status-publish","format-standard","has-post-thumbnail","hentry","category-blog","category-sur-school","tag-213","tag-cultura-nacional-school-sede-sur","tag-independencia"],"_links":{"self":[{"href":"https:\/\/culturanacionalschool.hn\/index.php\/wp-json\/wp\/v2\/posts\/11157","targetHints":{"allow":["GET"]}}],"collection":[{"href":"https:\/\/culturanacionalschool.hn\/index.php\/wp-json\/wp\/v2\/posts"}],"about":[{"href":"https:\/\/culturanacionalschool.hn\/index.php\/wp-json\/wp\/v2\/types\/post"}],"author":[{"embeddable":true,"href":"https:\/\/culturanacionalschool.hn\/index.php\/wp-json\/wp\/v2\/users\/5"}],"replies":[{"embeddable":true,"href":"https:\/\/culturanacionalschool.hn\/index.php\/wp-json\/wp\/v2\/comments?post=11157"}],"version-history":[{"count":2,"href":"https:\/\/culturanacionalschool.hn\/index.php\/wp-json\/wp\/v2\/posts\/11157\/revisions"}],"predecessor-version":[{"id":11159,"href":"https:\/\/culturanacionalschool.hn\/index.php\/wp-json\/wp\/v2\/posts\/11157\/revisions\/11159"}],"wp:featuredmedia":[{"embeddable":true,"href":"https:\/\/culturanacionalschool.hn\/index.php\/wp-json\/wp\/v2\/media\/11080"}],"wp:attachment":[{"href":"https:\/\/culturanacionalschool.hn\/index.php\/wp-json\/wp\/v2\/media?parent=11157"}],"wp:term":[{"taxonomy":"category","embeddable":true,"href":"https:\/\/culturanacionalschool.hn\/index.php\/wp-json\/wp\/v2\/categories?post=11157"},{"taxonomy":"post_tag","embeddable":true,"href":"https:\/\/culturanacionalschool.hn\/index.php\/wp-json\/wp\/v2\/tags?post=11157"}],"curies":[{"name":"wp","href":"https:\/\/api.w.org\/{rel}","templated":true}]}}