{"id":11160,"date":"2025-11-04T19:20:55","date_gmt":"2025-11-04T19:20:55","guid":{"rendered":"https:\/\/culturanacionalschool.hn\/?p=11160"},"modified":"2025-11-04T19:20:59","modified_gmt":"2025-11-04T19:20:59","slug":"palillonas-2024-cultura-nacional-school-sede-sur","status":"publish","type":"post","link":"https:\/\/culturanacionalschool.hn\/index.php\/2025\/11\/04\/palillonas-2024-cultura-nacional-school-sede-sur\/","title":{"rendered":"Palillonas 2024 | Cultura Nacional School &#8211; Sede Sur"},"content":{"rendered":"\n<p>El <strong>cuadro de palillonas<\/strong> del <strong>Cultura Nacional School \u2013 Sede Sur<\/strong> brill\u00f3 con elegancia y orgullo durante el desfile del <strong>15 de septiembre de 2024<\/strong>, conmemorando la independencia patria. El grupo estuvo conformado por <strong>j\u00f3venes hermosas, talentosas y dedicadas<\/strong>, quienes representaron con honor y entusiasmo a la instituci\u00f3n.<\/p>\n\n\n\n<p> Con sus impecables uniformes, sonrisas y coordinaci\u00f3n perfecta, las palillonas capturaron la atenci\u00f3n de todos los presentes. Cabe destacar que <strong>algunas de ellas forman parte del cuadro de honor<\/strong>, demostrando que el esfuerzo acad\u00e9mico y el esp\u00edritu patri\u00f3tico pueden ir de la mano. Su participaci\u00f3n llen\u00f3 de orgullo a toda la comunidad educativa, convirti\u00e9ndose en un s\u00edmbolo de excelencia, belleza y compromiso<\/p>\n","protected":false},"excerpt":{"rendered":"<p>El cuadro de palillonas del Cultura Nacional School \u2013 Sede Sur brill\u00f3 con elegancia y orgullo durante el desfile del 15 de septiembre de 2024, conmemorando la independencia patria. El [&hellip;]<\/p>\n","protected":false},"author":5,"featured_media":11087,"comment_status":"open","ping_status":"open","sticky":false,"template":"","format":"standard","meta":{"footnotes":""},"categories":[2,159],"tags":[213,202,207,218],"class_list":["post-11160","post","type-post","status-publish","format-standard","has-post-thumbnail","hentry","category-blog","category-sur-school","tag-213","tag-cultura-nacional-school-sede-sur","tag-independencia","tag-palillonas"],"_links":{"self":[{"href":"https:\/\/culturanacionalschool.hn\/index.php\/wp-json\/wp\/v2\/posts\/11160","targetHints":{"allow":["GET"]}}],"collection":[{"href":"https:\/\/culturanacionalschool.hn\/index.php\/wp-json\/wp\/v2\/posts"}],"about":[{"href":"https:\/\/culturanacionalschool.hn\/index.php\/wp-json\/wp\/v2\/types\/post"}],"author":[{"embeddable":true,"href":"https:\/\/culturanacionalschool.hn\/index.php\/wp-json\/wp\/v2\/users\/5"}],"replies":[{"embeddable":true,"href":"https:\/\/culturanacionalschool.hn\/index.php\/wp-json\/wp\/v2\/comments?post=11160"}],"version-history":[{"count":2,"href":"https:\/\/culturanacionalschool.hn\/index.php\/wp-json\/wp\/v2\/posts\/11160\/revisions"}],"predecessor-version":[{"id":11162,"href":"https:\/\/culturanacionalschool.hn\/index.php\/wp-json\/wp\/v2\/posts\/11160\/revisions\/11162"}],"wp:featuredmedia":[{"embeddable":true,"href":"https:\/\/culturanacionalschool.hn\/index.php\/wp-json\/wp\/v2\/media\/11087"}],"wp:attachment":[{"href":"https:\/\/culturanacionalschool.hn\/index.php\/wp-json\/wp\/v2\/media?parent=11160"}],"wp:term":[{"taxonomy":"category","embeddable":true,"href":"https:\/\/culturanacionalschool.hn\/index.php\/wp-json\/wp\/v2\/categories?post=11160"},{"taxonomy":"post_tag","embeddable":true,"href":"https:\/\/culturanacionalschool.hn\/index.php\/wp-json\/wp\/v2\/tags?post=11160"}],"curies":[{"name":"wp","href":"https:\/\/api.w.org\/{rel}","templated":true}]}}