{"id":11169,"date":"2025-11-04T20:19:31","date_gmt":"2025-11-04T20:19:31","guid":{"rendered":"https:\/\/culturanacionalschool.hn\/?p=11169"},"modified":"2025-11-04T20:23:32","modified_gmt":"2025-11-04T20:23:32","slug":"kindergarten-graduation-2024-cultura-nacional-school-sede-sur","status":"publish","type":"post","link":"https:\/\/culturanacionalschool.hn\/index.php\/2025\/11\/04\/kindergarten-graduation-2024-cultura-nacional-school-sede-sur\/","title":{"rendered":"kindergarten graduation 2024 | Cultura Nacional School-Sede Sur"},"content":{"rendered":"\n<p>La <strong>Kindergarten Graduation 2024<\/strong> del <strong>Cultura Nacional School \u2013 Sede Sur<\/strong> fue un momento lleno de alegr\u00eda, ternura y orgullo. Los peque\u00f1os graduandos celebraron el cierre de una hermosa etapa en su formaci\u00f3n educativa, demostrando todo lo que aprendieron durante el a\u00f1o.<\/p>\n\n\n\n<p>Con sus birretes, togas y sonrisas radiantes, participaron en presentaciones llenas de color y emoci\u00f3n, compartiendo su felicidad con padres y docentes. Este acto simboliz\u00f3 el comienzo de un nuevo camino lleno de aprendizaje y crecimiento.<\/p>\n\n\n\n<p><em><strong>El Cultura Nacional School felicita a sus peque\u00f1os graduados por este importante logro y por reflejar el entusiasmo y la curiosidad que caracterizan a los futuros grandes estudiantes.<\/strong><\/em><\/p>\n\n\n\n<p><\/p>\n","protected":false},"excerpt":{"rendered":"<p>La Kindergarten Graduation 2024 del Cultura Nacional School \u2013 Sede Sur fue un momento lleno de alegr\u00eda, ternura y orgullo. Los peque\u00f1os graduandos celebraron el cierre de una hermosa etapa [&hellip;]<\/p>\n","protected":false},"author":5,"featured_media":11180,"comment_status":"open","ping_status":"open","sticky":false,"template":"","format":"standard","meta":{"footnotes":""},"categories":[2,159],"tags":[202,220,8],"class_list":["post-11169","post","type-post","status-publish","format-standard","has-post-thumbnail","hentry","category-blog","category-sur-school","tag-cultura-nacional-school-sede-sur","tag-kindergarten","tag-student"],"_links":{"self":[{"href":"https:\/\/culturanacionalschool.hn\/index.php\/wp-json\/wp\/v2\/posts\/11169","targetHints":{"allow":["GET"]}}],"collection":[{"href":"https:\/\/culturanacionalschool.hn\/index.php\/wp-json\/wp\/v2\/posts"}],"about":[{"href":"https:\/\/culturanacionalschool.hn\/index.php\/wp-json\/wp\/v2\/types\/post"}],"author":[{"embeddable":true,"href":"https:\/\/culturanacionalschool.hn\/index.php\/wp-json\/wp\/v2\/users\/5"}],"replies":[{"embeddable":true,"href":"https:\/\/culturanacionalschool.hn\/index.php\/wp-json\/wp\/v2\/comments?post=11169"}],"version-history":[{"count":3,"href":"https:\/\/culturanacionalschool.hn\/index.php\/wp-json\/wp\/v2\/posts\/11169\/revisions"}],"predecessor-version":[{"id":11224,"href":"https:\/\/culturanacionalschool.hn\/index.php\/wp-json\/wp\/v2\/posts\/11169\/revisions\/11224"}],"wp:featuredmedia":[{"embeddable":true,"href":"https:\/\/culturanacionalschool.hn\/index.php\/wp-json\/wp\/v2\/media\/11180"}],"wp:attachment":[{"href":"https:\/\/culturanacionalschool.hn\/index.php\/wp-json\/wp\/v2\/media?parent=11169"}],"wp:term":[{"taxonomy":"category","embeddable":true,"href":"https:\/\/culturanacionalschool.hn\/index.php\/wp-json\/wp\/v2\/categories?post=11169"},{"taxonomy":"post_tag","embeddable":true,"href":"https:\/\/culturanacionalschool.hn\/index.php\/wp-json\/wp\/v2\/tags?post=11169"}],"curies":[{"name":"wp","href":"https:\/\/api.w.org\/{rel}","templated":true}]}}