{"id":11225,"date":"2025-11-04T20:52:03","date_gmt":"2025-11-04T20:52:03","guid":{"rendered":"https:\/\/culturanacionalschool.hn\/?p=11225"},"modified":"2025-11-04T20:54:21","modified_gmt":"2025-11-04T20:54:21","slug":"graduacion-9no-grado-2024-cultura-nacional-school-sede-sur","status":"publish","type":"post","link":"https:\/\/culturanacionalschool.hn\/index.php\/2025\/11\/04\/graduacion-9no-grado-2024-cultura-nacional-school-sede-sur\/","title":{"rendered":"Graduaci\u00f3n 9no Grado 2024 | Cultura Nacional School- Sede Sur"},"content":{"rendered":"\n<p>La <strong>Graduaci\u00f3n de 9no Grado 2024<\/strong> del <strong>Cultura Nacional School<\/strong>&#8211;<strong>Sede Sur<\/strong> fue un evento lleno de emoci\u00f3n, orgullo y esperanza. Los estudiantes celebraron el cierre de una etapa importante en su formaci\u00f3n acad\u00e9mica, marcando el inicio de un nuevo camino hacia la educaci\u00f3n media. Durante la ceremonia, se reconoci\u00f3 el esfuerzo, la constancia y la dedicaci\u00f3n de cada alumno, quienes con alegr\u00eda y gratitud compartieron este logro junto a sus familias y docentes.<\/p>\n\n\n\n<p>El ambiente estuvo lleno de momentos significativos, discursos inspiradores y muestras de afecto que reflejaron el esp\u00edritu de unidad que caracteriza a la instituci\u00f3n.<\/p>\n\n\n\n<p><em>El <strong>Cultura Nacional School<\/strong> felicita a los <strong>graduados de 9no Grado 2024<\/strong> por este gran paso y los motiva a continuar persiguiendo sus metas con responsabilidad, entusiasmo y compromiso, llevando siempre en alto el nombre de su escuela.<\/em><\/p>\n","protected":false},"excerpt":{"rendered":"<p>La Graduaci\u00f3n de 9no Grado 2024 del Cultura Nacional School&#8211;Sede Sur fue un evento lleno de emoci\u00f3n, orgullo y esperanza. Los estudiantes celebraron el cierre de una etapa importante en [&hellip;]<\/p>\n","protected":false},"author":5,"featured_media":11252,"comment_status":"open","ping_status":"open","sticky":false,"template":"","format":"standard","meta":{"footnotes":""},"categories":[2,159],"tags":[213,202,221],"class_list":["post-11225","post","type-post","status-publish","format-standard","has-post-thumbnail","hentry","category-blog","category-sur-school","tag-213","tag-cultura-nacional-school-sede-sur","tag-graduation"],"_links":{"self":[{"href":"https:\/\/culturanacionalschool.hn\/index.php\/wp-json\/wp\/v2\/posts\/11225","targetHints":{"allow":["GET"]}}],"collection":[{"href":"https:\/\/culturanacionalschool.hn\/index.php\/wp-json\/wp\/v2\/posts"}],"about":[{"href":"https:\/\/culturanacionalschool.hn\/index.php\/wp-json\/wp\/v2\/types\/post"}],"author":[{"embeddable":true,"href":"https:\/\/culturanacionalschool.hn\/index.php\/wp-json\/wp\/v2\/users\/5"}],"replies":[{"embeddable":true,"href":"https:\/\/culturanacionalschool.hn\/index.php\/wp-json\/wp\/v2\/comments?post=11225"}],"version-history":[{"count":3,"href":"https:\/\/culturanacionalschool.hn\/index.php\/wp-json\/wp\/v2\/posts\/11225\/revisions"}],"predecessor-version":[{"id":11253,"href":"https:\/\/culturanacionalschool.hn\/index.php\/wp-json\/wp\/v2\/posts\/11225\/revisions\/11253"}],"wp:featuredmedia":[{"embeddable":true,"href":"https:\/\/culturanacionalschool.hn\/index.php\/wp-json\/wp\/v2\/media\/11252"}],"wp:attachment":[{"href":"https:\/\/culturanacionalschool.hn\/index.php\/wp-json\/wp\/v2\/media?parent=11225"}],"wp:term":[{"taxonomy":"category","embeddable":true,"href":"https:\/\/culturanacionalschool.hn\/index.php\/wp-json\/wp\/v2\/categories?post=11225"},{"taxonomy":"post_tag","embeddable":true,"href":"https:\/\/culturanacionalschool.hn\/index.php\/wp-json\/wp\/v2\/tags?post=11225"}],"curies":[{"name":"wp","href":"https:\/\/api.w.org\/{rel}","templated":true}]}}