{"id":11254,"date":"2025-11-05T16:10:11","date_gmt":"2025-11-05T16:10:11","guid":{"rendered":"https:\/\/culturanacionalschool.hn\/?p=11254"},"modified":"2025-11-05T16:13:55","modified_gmt":"2025-11-05T16:13:55","slug":"welcome-back-to-school-2025-cultura-nacional-school-sede-sur","status":"publish","type":"post","link":"https:\/\/culturanacionalschool.hn\/index.php\/2025\/11\/05\/welcome-back-to-school-2025-cultura-nacional-school-sede-sur\/","title":{"rendered":"Welcome Back to School 2025\u2013 Cultura Nacional School Sede Sur"},"content":{"rendered":"\n<p>El evento <strong>Welcome Back to School<\/strong> en la <strong>Cultura Nacional School \u2013 Sede Sur<\/strong> marca el inicio de un nuevo a\u00f1o escolar lleno de oportunidades, aprendizaje y crecimiento. Este encuentro tiene como prop\u00f3sito recibir con entusiasmo a todos nuestros estudiantes, docentes y familias, fomentando un ambiente de integraci\u00f3n y motivaci\u00f3n para comenzar con la mejor energ\u00eda<\/p>\n\n\n\n<p>Nuestro colegio se distingue por su compromiso con la formaci\u00f3n integral de los estudiantes, ofreciendo una educaci\u00f3n biling\u00fce con la ense\u00f1anza de <strong>dos idiomas extranjeros: ingl\u00e9s y franc\u00e9s<\/strong>, lo que ampl\u00eda sus habilidades comunicativas y les brinda mayores oportunidades acad\u00e9micas y culturales a futuro.<\/p>\n\n\n\n<p><em>El <strong>Welcome Back to School<\/strong> es m\u00e1s que una bienvenida: es la celebraci\u00f3n del reencuentro, la renovaci\u00f3n de metas y el inicio de un camino lleno de logros, trabajo en equipo y experiencias memorables en la <strong>Cultura Nacional School Sede Sur<\/strong><\/em><\/p>\n","protected":false},"excerpt":{"rendered":"<p>El evento Welcome Back to School en la Cultura Nacional School \u2013 Sede Sur marca el inicio de un nuevo a\u00f1o escolar lleno de oportunidades, aprendizaje y crecimiento. Este encuentro [&hellip;]<\/p>\n","protected":false},"author":5,"featured_media":11282,"comment_status":"open","ping_status":"open","sticky":false,"template":"","format":"standard","meta":{"footnotes":""},"categories":[2,159],"tags":[222,202,8],"class_list":["post-11254","post","type-post","status-publish","format-standard","has-post-thumbnail","hentry","category-blog","category-sur-school","tag-backtoschool","tag-cultura-nacional-school-sede-sur","tag-student"],"_links":{"self":[{"href":"https:\/\/culturanacionalschool.hn\/index.php\/wp-json\/wp\/v2\/posts\/11254","targetHints":{"allow":["GET"]}}],"collection":[{"href":"https:\/\/culturanacionalschool.hn\/index.php\/wp-json\/wp\/v2\/posts"}],"about":[{"href":"https:\/\/culturanacionalschool.hn\/index.php\/wp-json\/wp\/v2\/types\/post"}],"author":[{"embeddable":true,"href":"https:\/\/culturanacionalschool.hn\/index.php\/wp-json\/wp\/v2\/users\/5"}],"replies":[{"embeddable":true,"href":"https:\/\/culturanacionalschool.hn\/index.php\/wp-json\/wp\/v2\/comments?post=11254"}],"version-history":[{"count":4,"href":"https:\/\/culturanacionalschool.hn\/index.php\/wp-json\/wp\/v2\/posts\/11254\/revisions"}],"predecessor-version":[{"id":11288,"href":"https:\/\/culturanacionalschool.hn\/index.php\/wp-json\/wp\/v2\/posts\/11254\/revisions\/11288"}],"wp:featuredmedia":[{"embeddable":true,"href":"https:\/\/culturanacionalschool.hn\/index.php\/wp-json\/wp\/v2\/media\/11282"}],"wp:attachment":[{"href":"https:\/\/culturanacionalschool.hn\/index.php\/wp-json\/wp\/v2\/media?parent=11254"}],"wp:term":[{"taxonomy":"category","embeddable":true,"href":"https:\/\/culturanacionalschool.hn\/index.php\/wp-json\/wp\/v2\/categories?post=11254"},{"taxonomy":"post_tag","embeddable":true,"href":"https:\/\/culturanacionalschool.hn\/index.php\/wp-json\/wp\/v2\/tags?post=11254"}],"curies":[{"name":"wp","href":"https:\/\/api.w.org\/{rel}","templated":true}]}}