{"id":11289,"date":"2025-11-05T17:34:27","date_gmt":"2025-11-05T17:34:27","guid":{"rendered":"https:\/\/culturanacionalschool.hn\/?p=11289"},"modified":"2025-11-05T17:46:44","modified_gmt":"2025-11-05T17:46:44","slug":"happy-fathers-day-2025-cultura-nacional-school-sede-sur","status":"publish","type":"post","link":"https:\/\/culturanacionalschool.hn\/index.php\/2025\/11\/05\/happy-fathers-day-2025-cultura-nacional-school-sede-sur\/","title":{"rendered":"Happy Father\u2019s Day!! 2025 | Cultura Nacional School &#8211; Sede Sur"},"content":{"rendered":"\n<p>La <strong>Celebraci\u00f3n del D\u00eda del Padre 2025<\/strong> en la <strong>Cultura Nacional School \u2013 Sede Sur<\/strong> fue un evento lleno de alegr\u00eda, reconocimiento y uni\u00f3n familiar. Nuestros estudiantes dedicaron con cari\u00f1o diversas presentaciones para homenajear a esos padres que d\u00eda a d\u00eda brindan amor, apoyo y ejemplo a sus hijos.<\/p>\n\n\n\n<p>Uno de los momentos m\u00e1s destacados fue la participaci\u00f3n de los m\u00e1s peque\u00f1os, quienes sorprendieron al p\u00fablico con una encantadora presentaci\u00f3n vestidos como <strong>robots<\/strong>, demostrando creatividad, entusiasmo y trabajo en equipo. Su presentaci\u00f3n llen\u00f3 el ambiente de sonrisas y emoci\u00f3n<\/p>\n\n\n\n<p>Adem\u00e1s, para consentir a los padres que nos acompa\u00f1aron en esta celebraci\u00f3n especial, se ofrecieron <strong>deliciosas boquitas<\/strong>, que permitieron compartir un momento agradable de convivencia y agradecimiento.<\/p>\n\n\n\n<p>Este evento reflej\u00f3 el compromiso de nuestra instituci\u00f3n en fortalecer los lazos entre la familia y la escuela, reconociendo el rol fundamental que los padres desempe\u00f1an en el desarrollo de nuestros estudiantes.<\/p>\n","protected":false},"excerpt":{"rendered":"<p>La Celebraci\u00f3n del D\u00eda del Padre 2025 en la Cultura Nacional School \u2013 Sede Sur fue un evento lleno de alegr\u00eda, reconocimiento y uni\u00f3n familiar. Nuestros estudiantes dedicaron con cari\u00f1o [&hellip;]<\/p>\n","protected":false},"author":5,"featured_media":11344,"comment_status":"open","ping_status":"open","sticky":false,"template":"","format":"standard","meta":{"footnotes":""},"categories":[2,159],"tags":[202,224,8],"class_list":["post-11289","post","type-post","status-publish","format-standard","has-post-thumbnail","hentry","category-blog","category-sur-school","tag-cultura-nacional-school-sede-sur","tag-fathersday","tag-student"],"_links":{"self":[{"href":"https:\/\/culturanacionalschool.hn\/index.php\/wp-json\/wp\/v2\/posts\/11289","targetHints":{"allow":["GET"]}}],"collection":[{"href":"https:\/\/culturanacionalschool.hn\/index.php\/wp-json\/wp\/v2\/posts"}],"about":[{"href":"https:\/\/culturanacionalschool.hn\/index.php\/wp-json\/wp\/v2\/types\/post"}],"author":[{"embeddable":true,"href":"https:\/\/culturanacionalschool.hn\/index.php\/wp-json\/wp\/v2\/users\/5"}],"replies":[{"embeddable":true,"href":"https:\/\/culturanacionalschool.hn\/index.php\/wp-json\/wp\/v2\/comments?post=11289"}],"version-history":[{"count":4,"href":"https:\/\/culturanacionalschool.hn\/index.php\/wp-json\/wp\/v2\/posts\/11289\/revisions"}],"predecessor-version":[{"id":11345,"href":"https:\/\/culturanacionalschool.hn\/index.php\/wp-json\/wp\/v2\/posts\/11289\/revisions\/11345"}],"wp:featuredmedia":[{"embeddable":true,"href":"https:\/\/culturanacionalschool.hn\/index.php\/wp-json\/wp\/v2\/media\/11344"}],"wp:attachment":[{"href":"https:\/\/culturanacionalschool.hn\/index.php\/wp-json\/wp\/v2\/media?parent=11289"}],"wp:term":[{"taxonomy":"category","embeddable":true,"href":"https:\/\/culturanacionalschool.hn\/index.php\/wp-json\/wp\/v2\/categories?post=11289"},{"taxonomy":"post_tag","embeddable":true,"href":"https:\/\/culturanacionalschool.hn\/index.php\/wp-json\/wp\/v2\/tags?post=11289"}],"curies":[{"name":"wp","href":"https:\/\/api.w.org\/{rel}","templated":true}]}}