{"id":11346,"date":"2025-11-05T18:09:13","date_gmt":"2025-11-05T18:09:13","guid":{"rendered":"https:\/\/culturanacionalschool.hn\/?p=11346"},"modified":"2025-11-05T18:09:17","modified_gmt":"2025-11-05T18:09:17","slug":"dr-seuss-birthday-2025-cultura-nacional-school-sede-sur","status":"publish","type":"post","link":"https:\/\/culturanacionalschool.hn\/index.php\/2025\/11\/05\/dr-seuss-birthday-2025-cultura-nacional-school-sede-sur\/","title":{"rendered":"Dr. Seuss Birthday 2025 | Cultura Nacional School &#8211; Sede Sur"},"content":{"rendered":"\n<p>Celebraci\u00f3n del Dr. Seuss Birthday \u2013 Cultura Nacional School Sede Sur.<\/p>\n\n\n\n<p>La celebraci\u00f3n del <strong>Dr. Seuss Birthday<\/strong> en la <strong>Cultura Nacional School \u2013 Sede Sur<\/strong> fue una jornada llena de imaginaci\u00f3n, color y creatividad. En honor al famoso autor de cuentos infantiles, conocido por sus historias llenas de fantas\u00eda y mensajes positivos, se realiz\u00f3 una actividad especial que permiti\u00f3 a los estudiantes expresar su originalidad.<\/p>\n\n\n\n<p>Para esta ocasi\u00f3n, cada estudiante lleg\u00f3 a la escuela luciendo su <strong>sombrero loco<\/strong>, elaborado con materiales variados y dise\u00f1os \u00fanicos, inspirados en los personajes y el estilo divertido de los libros de Dr. Seuss. Los pasillos se llenaron de colores brillantes, formas extravagantes y mucha alegr\u00eda, reflejando el esp\u00edritu creativo que caracteriza esta celebraci\u00f3n.<\/p>\n\n\n\n<p>La actividad no solo foment\u00f3 la imaginaci\u00f3n y el pensamiento creativo, sino que tambi\u00e9n reforz\u00f3 el gusto por la lectura y la importancia de disfrutar los libros como una ventana hacia nuevos mundos.<\/p>\n","protected":false},"excerpt":{"rendered":"<p>Celebraci\u00f3n del Dr. Seuss Birthday \u2013 Cultura Nacional School Sede Sur. La celebraci\u00f3n del Dr. Seuss Birthday en la Cultura Nacional School \u2013 Sede Sur fue una jornada llena de [&hellip;]<\/p>\n","protected":false},"author":5,"featured_media":11364,"comment_status":"open","ping_status":"open","sticky":false,"template":"","format":"standard","meta":{"footnotes":""},"categories":[2,159],"tags":[225,202,226],"class_list":["post-11346","post","type-post","status-publish","format-standard","has-post-thumbnail","hentry","category-blog","category-sur-school","tag-225","tag-cultura-nacional-school-sede-sur","tag-dr-seussbirthay"],"_links":{"self":[{"href":"https:\/\/culturanacionalschool.hn\/index.php\/wp-json\/wp\/v2\/posts\/11346","targetHints":{"allow":["GET"]}}],"collection":[{"href":"https:\/\/culturanacionalschool.hn\/index.php\/wp-json\/wp\/v2\/posts"}],"about":[{"href":"https:\/\/culturanacionalschool.hn\/index.php\/wp-json\/wp\/v2\/types\/post"}],"author":[{"embeddable":true,"href":"https:\/\/culturanacionalschool.hn\/index.php\/wp-json\/wp\/v2\/users\/5"}],"replies":[{"embeddable":true,"href":"https:\/\/culturanacionalschool.hn\/index.php\/wp-json\/wp\/v2\/comments?post=11346"}],"version-history":[{"count":2,"href":"https:\/\/culturanacionalschool.hn\/index.php\/wp-json\/wp\/v2\/posts\/11346\/revisions"}],"predecessor-version":[{"id":11410,"href":"https:\/\/culturanacionalschool.hn\/index.php\/wp-json\/wp\/v2\/posts\/11346\/revisions\/11410"}],"wp:featuredmedia":[{"embeddable":true,"href":"https:\/\/culturanacionalschool.hn\/index.php\/wp-json\/wp\/v2\/media\/11364"}],"wp:attachment":[{"href":"https:\/\/culturanacionalschool.hn\/index.php\/wp-json\/wp\/v2\/media?parent=11346"}],"wp:term":[{"taxonomy":"category","embeddable":true,"href":"https:\/\/culturanacionalschool.hn\/index.php\/wp-json\/wp\/v2\/categories?post=11346"},{"taxonomy":"post_tag","embeddable":true,"href":"https:\/\/culturanacionalschool.hn\/index.php\/wp-json\/wp\/v2\/tags?post=11346"}],"curies":[{"name":"wp","href":"https:\/\/api.w.org\/{rel}","templated":true}]}}