{"id":11411,"date":"2025-11-05T18:42:46","date_gmt":"2025-11-05T18:42:46","guid":{"rendered":"https:\/\/culturanacionalschool.hn\/?p=11411"},"modified":"2025-11-05T18:42:50","modified_gmt":"2025-11-05T18:42:50","slug":"senior-entrance-2025-cultura-nacional-school-sede-sur","status":"publish","type":"post","link":"https:\/\/culturanacionalschool.hn\/index.php\/2025\/11\/05\/senior-entrance-2025-cultura-nacional-school-sede-sur\/","title":{"rendered":"Senior Entrance 2025 | Cultura Nacional School \u2013Sede Sur"},"content":{"rendered":"\n<p>El <strong>Senior Entrance 2025<\/strong> en la <strong>Cultura Nacional School \u2013 Sede Sur<\/strong> marc\u00f3 un momento especial y lleno de significado para nuestros estudiantes de \u00faltimo a\u00f1o. Este evento simboliza el inicio oficial del recorrido final hacia su graduaci\u00f3n, celebrando todo el esfuerzo, los sue\u00f1os y las metas que han construido a lo largo de su formaci\u00f3n acad\u00e9mica<\/p>\n\n\n\n<p>Los <strong>Seniors 2025<\/strong> hicieron su entrada con orgullo, actitud y emoci\u00f3n, mostrando su esp\u00edritu de liderazgo y dejando ver la huella que han formado dentro de la instituci\u00f3n. Para hacer de este d\u00eda una experiencia a\u00fan m\u00e1s inolvidable, contamos con la presencia de un <strong>DJ<\/strong>, quien llen\u00f3 el ambiente de m\u00fasica, ritmo y celebraci\u00f3n, haciendo que el momento fuera alegre, din\u00e1mico y lleno de energ\u00eda.<\/p>\n\n\n\n<p>Toda la comunidad escolar se reuni\u00f3 para acompa\u00f1arlos, aplaudir su llegada y compartir este paso tan importante.<\/p>\n\n\n\n<p><strong><em>\u00a1Felicidades, Seniors 2025! Este es su a\u00f1o para brillar.<\/em><\/strong><\/p>\n","protected":false},"excerpt":{"rendered":"<p>El Senior Entrance 2025 en la Cultura Nacional School \u2013 Sede Sur marc\u00f3 un momento especial y lleno de significado para nuestros estudiantes de \u00faltimo a\u00f1o. Este evento simboliza el [&hellip;]<\/p>\n","protected":false},"author":5,"featured_media":11441,"comment_status":"open","ping_status":"open","sticky":false,"template":"","format":"standard","meta":{"footnotes":""},"categories":[2,159],"tags":[225,202,149],"class_list":["post-11411","post","type-post","status-publish","format-standard","has-post-thumbnail","hentry","category-blog","category-sur-school","tag-225","tag-cultura-nacional-school-sede-sur","tag-seniors"],"_links":{"self":[{"href":"https:\/\/culturanacionalschool.hn\/index.php\/wp-json\/wp\/v2\/posts\/11411","targetHints":{"allow":["GET"]}}],"collection":[{"href":"https:\/\/culturanacionalschool.hn\/index.php\/wp-json\/wp\/v2\/posts"}],"about":[{"href":"https:\/\/culturanacionalschool.hn\/index.php\/wp-json\/wp\/v2\/types\/post"}],"author":[{"embeddable":true,"href":"https:\/\/culturanacionalschool.hn\/index.php\/wp-json\/wp\/v2\/users\/5"}],"replies":[{"embeddable":true,"href":"https:\/\/culturanacionalschool.hn\/index.php\/wp-json\/wp\/v2\/comments?post=11411"}],"version-history":[{"count":2,"href":"https:\/\/culturanacionalschool.hn\/index.php\/wp-json\/wp\/v2\/posts\/11411\/revisions"}],"predecessor-version":[{"id":11446,"href":"https:\/\/culturanacionalschool.hn\/index.php\/wp-json\/wp\/v2\/posts\/11411\/revisions\/11446"}],"wp:featuredmedia":[{"embeddable":true,"href":"https:\/\/culturanacionalschool.hn\/index.php\/wp-json\/wp\/v2\/media\/11441"}],"wp:attachment":[{"href":"https:\/\/culturanacionalschool.hn\/index.php\/wp-json\/wp\/v2\/media?parent=11411"}],"wp:term":[{"taxonomy":"category","embeddable":true,"href":"https:\/\/culturanacionalschool.hn\/index.php\/wp-json\/wp\/v2\/categories?post=11411"},{"taxonomy":"post_tag","embeddable":true,"href":"https:\/\/culturanacionalschool.hn\/index.php\/wp-json\/wp\/v2\/tags?post=11411"}],"curies":[{"name":"wp","href":"https:\/\/api.w.org\/{rel}","templated":true}]}}