{"id":11448,"date":"2025-11-05T19:35:17","date_gmt":"2025-11-05T19:35:17","guid":{"rendered":"https:\/\/culturanacionalschool.hn\/?p=11448"},"modified":"2025-11-07T19:44:25","modified_gmt":"2025-11-07T19:44:25","slug":"dia-mundial-de-concienciacion-sobre-el-autismo-cultura-nacional-school-sede-sur","status":"publish","type":"post","link":"https:\/\/culturanacionalschool.hn\/index.php\/2025\/11\/05\/dia-mundial-de-concienciacion-sobre-el-autismo-cultura-nacional-school-sede-sur\/","title":{"rendered":"D\u00eda Mundial de Concienciaci\u00f3n sobre el Autismo 2025 | Cultura Nacional School &#8211; Sede Sur"},"content":{"rendered":"\n<p>Hoy celebramos en nuestra escuela el <strong>D\u00eda Mundial de Concienciaci\u00f3n sobre el Autismo<\/strong>, una fecha muy especial en la que reafirmamos nuestro compromiso con la <strong>inclusi\u00f3n, el respeto y la empat\u00eda<\/strong>. Esta jornada nos invita a reconocer la diversidad como una riqueza, valorar las diferencias y promover un ambiente donde cada estudiante se sienta acogido, comprendido y respetado.<\/p>\n\n\n\n<p>Durante esta actividad, se llevaron a cabo din\u00e1micas y espacios de reflexi\u00f3n para sensibilizar a toda la comunidad educativa sobre la importancia de crear entornos inclusivos, en los que cada ni\u00f1o y ni\u00f1a pueda desarrollarse plenamente. Nos unimos al mensaje global de apoyo a las personas dentro del espectro autista y a sus familias, destacando sus capacidades, talentos y formas \u00fanicas de ver el mundo.<\/p>\n\n\n\n<p>Vestimos de azul, compartimos mensajes de comprensi\u00f3n y reforzamos el valor de la empat\u00eda, recordando que <strong>todos aprendemos, sentimos y crecemos de manera diferente<\/strong>, y eso nos hace \u00fanicos.<\/p>\n\n\n\n<p><em>En la <strong>Cultura Nacional School Sede Sur<\/strong>, creemos en una educaci\u00f3n que abra puertas, que escuche, que acompa\u00f1e y que abrace la diversidad.<\/em><\/p>\n\n\n\n<p><\/p>\n","protected":false},"excerpt":{"rendered":"<p>Hoy celebramos en nuestra escuela el D\u00eda Mundial de Concienciaci\u00f3n sobre el Autismo, una fecha muy especial en la que reafirmamos nuestro compromiso con la inclusi\u00f3n, el respeto y la [&hellip;]<\/p>\n","protected":false},"author":5,"featured_media":11479,"comment_status":"open","ping_status":"open","sticky":false,"template":"","format":"standard","meta":{"footnotes":""},"categories":[2,159],"tags":[225,202],"class_list":["post-11448","post","type-post","status-publish","format-standard","has-post-thumbnail","hentry","category-blog","category-sur-school","tag-225","tag-cultura-nacional-school-sede-sur"],"_links":{"self":[{"href":"https:\/\/culturanacionalschool.hn\/index.php\/wp-json\/wp\/v2\/posts\/11448","targetHints":{"allow":["GET"]}}],"collection":[{"href":"https:\/\/culturanacionalschool.hn\/index.php\/wp-json\/wp\/v2\/posts"}],"about":[{"href":"https:\/\/culturanacionalschool.hn\/index.php\/wp-json\/wp\/v2\/types\/post"}],"author":[{"embeddable":true,"href":"https:\/\/culturanacionalschool.hn\/index.php\/wp-json\/wp\/v2\/users\/5"}],"replies":[{"embeddable":true,"href":"https:\/\/culturanacionalschool.hn\/index.php\/wp-json\/wp\/v2\/comments?post=11448"}],"version-history":[{"count":3,"href":"https:\/\/culturanacionalschool.hn\/index.php\/wp-json\/wp\/v2\/posts\/11448\/revisions"}],"predecessor-version":[{"id":11787,"href":"https:\/\/culturanacionalschool.hn\/index.php\/wp-json\/wp\/v2\/posts\/11448\/revisions\/11787"}],"wp:featuredmedia":[{"embeddable":true,"href":"https:\/\/culturanacionalschool.hn\/index.php\/wp-json\/wp\/v2\/media\/11479"}],"wp:attachment":[{"href":"https:\/\/culturanacionalschool.hn\/index.php\/wp-json\/wp\/v2\/media?parent=11448"}],"wp:term":[{"taxonomy":"category","embeddable":true,"href":"https:\/\/culturanacionalschool.hn\/index.php\/wp-json\/wp\/v2\/categories?post=11448"},{"taxonomy":"post_tag","embeddable":true,"href":"https:\/\/culturanacionalschool.hn\/index.php\/wp-json\/wp\/v2\/tags?post=11448"}],"curies":[{"name":"wp","href":"https:\/\/api.w.org\/{rel}","templated":true}]}}