{"id":11522,"date":"2025-11-05T20:07:34","date_gmt":"2025-11-05T20:07:34","guid":{"rendered":"https:\/\/culturanacionalschool.hn\/?p=11522"},"modified":"2025-11-07T19:44:02","modified_gmt":"2025-11-07T19:44:02","slug":"dia-de-la-tierra-cultura-nacional-school-sede-sur","status":"publish","type":"post","link":"https:\/\/culturanacionalschool.hn\/index.php\/2025\/11\/05\/dia-de-la-tierra-cultura-nacional-school-sede-sur\/","title":{"rendered":"D\u00eda de la Tierra 2025 | Cultura Nacional School &#8211; Sede Sur"},"content":{"rendered":"\n<p>La <strong>Celebraci\u00f3n del D\u00eda de la Tierra<\/strong> en la <strong>Cultura Nacional School \u2013 Sede Sur<\/strong> fue una jornada dedicada a la reflexi\u00f3n, el aprendizaje y la responsabilidad ambiental. Este d\u00eda nos record\u00f3 la importancia de cuidar nuestro planeta y de asumir un compromiso activo para proteger los recursos naturales que nos rodean.<\/p>\n\n\n\n<p>Como parte central de la actividad, se cont\u00f3 con una <strong>charla impartida por COPECO<\/strong>, donde los estudiantes aprendieron sobre la <strong>concienciaci\u00f3n ambiental<\/strong>, la prevenci\u00f3n de desastres y las acciones que cada uno puede realizar para contribuir al bienestar del medio ambiente. La charla permiti\u00f3 a los alumnos comprender la relevancia de cuidar nuestro entorno y ser agentes de cambio en sus comunidades.<\/p>\n\n\n\n<p>A trav\u00e9s de esta celebraci\u00f3n, se reforz\u00f3 el valor del respeto hacia la naturaleza y la importancia de fomentar h\u00e1bitos responsables, ense\u00f1ando que cada peque\u00f1a acci\u00f3n cuenta en la construcci\u00f3n de un futuro sostenible.<\/p>\n\n\n\n<p><strong><em>En nuestra instituci\u00f3n, educar para proteger la Tierra es educar para la vida.<\/em><\/strong><\/p>\n","protected":false},"excerpt":{"rendered":"<p>La Celebraci\u00f3n del D\u00eda de la Tierra en la Cultura Nacional School \u2013 Sede Sur fue una jornada dedicada a la reflexi\u00f3n, el aprendizaje y la responsabilidad ambiental. Este d\u00eda [&hellip;]<\/p>\n","protected":false},"author":5,"featured_media":11530,"comment_status":"open","ping_status":"open","sticky":false,"template":"","format":"standard","meta":{"footnotes":""},"categories":[2,159],"tags":[225,202,227],"class_list":["post-11522","post","type-post","status-publish","format-standard","has-post-thumbnail","hentry","category-blog","category-sur-school","tag-225","tag-cultura-nacional-school-sede-sur","tag-diadelatierra"],"_links":{"self":[{"href":"https:\/\/culturanacionalschool.hn\/index.php\/wp-json\/wp\/v2\/posts\/11522","targetHints":{"allow":["GET"]}}],"collection":[{"href":"https:\/\/culturanacionalschool.hn\/index.php\/wp-json\/wp\/v2\/posts"}],"about":[{"href":"https:\/\/culturanacionalschool.hn\/index.php\/wp-json\/wp\/v2\/types\/post"}],"author":[{"embeddable":true,"href":"https:\/\/culturanacionalschool.hn\/index.php\/wp-json\/wp\/v2\/users\/5"}],"replies":[{"embeddable":true,"href":"https:\/\/culturanacionalschool.hn\/index.php\/wp-json\/wp\/v2\/comments?post=11522"}],"version-history":[{"count":3,"href":"https:\/\/culturanacionalschool.hn\/index.php\/wp-json\/wp\/v2\/posts\/11522\/revisions"}],"predecessor-version":[{"id":11786,"href":"https:\/\/culturanacionalschool.hn\/index.php\/wp-json\/wp\/v2\/posts\/11522\/revisions\/11786"}],"wp:featuredmedia":[{"embeddable":true,"href":"https:\/\/culturanacionalschool.hn\/index.php\/wp-json\/wp\/v2\/media\/11530"}],"wp:attachment":[{"href":"https:\/\/culturanacionalschool.hn\/index.php\/wp-json\/wp\/v2\/media?parent=11522"}],"wp:term":[{"taxonomy":"category","embeddable":true,"href":"https:\/\/culturanacionalschool.hn\/index.php\/wp-json\/wp\/v2\/categories?post=11522"},{"taxonomy":"post_tag","embeddable":true,"href":"https:\/\/culturanacionalschool.hn\/index.php\/wp-json\/wp\/v2\/tags?post=11522"}],"curies":[{"name":"wp","href":"https:\/\/api.w.org\/{rel}","templated":true}]}}