{"id":11537,"date":"2025-11-06T14:36:20","date_gmt":"2025-11-06T14:36:20","guid":{"rendered":"https:\/\/culturanacionalschool.hn\/?p=11537"},"modified":"2025-11-07T17:17:01","modified_gmt":"2025-11-07T17:17:01","slug":"dia-del-idioma-2025-cultura-nacional-school-sede-sur","status":"publish","type":"post","link":"https:\/\/culturanacionalschool.hn\/index.php\/2025\/11\/06\/dia-del-idioma-2025-cultura-nacional-school-sede-sur\/","title":{"rendered":"D\u00eda del Idioma 2025 | Cultura Nacional School \u2013 Sede Sur"},"content":{"rendered":"\n<p>En Cultura Nacional School \u2013 Sede Sur celebramos con alegr\u00eda el <strong>D\u00eda del Idioma<\/strong>, una fecha muy importante en la que reconocemos el valor de nuestra lengua y la manera en que nos permite comunicarnos, aprender y expresar lo que sentimos.<\/p>\n\n\n\n<p>Para esta celebraci\u00f3n, los ni\u00f1os realizaron <strong>dibujos y pinturas alusivas al D\u00eda del Idioma<\/strong>, demostrando su creatividad, imaginaci\u00f3n y amor por las palabras. A trav\u00e9s de colores, frases y hermosas im\u00e1genes, resaltaron la importancia de cuidar y respetar nuestro idioma, que es parte fundamental de nuestra cultura e identidad.<\/p>\n\n\n\n<p>Como parte de esta celebraci\u00f3n, los ni\u00f1os fueron llevados al <strong>Teatro Nacional Manuel Bonilla<\/strong>, donde pudieron disfrutar de una actividad cultural que les permiti\u00f3 apreciar el arte y fortalecer su amor por la lectura y la expresi\u00f3n.<\/p>\n\n\n\n<p>Fue una jornada llena de arte, aprendizaje y entusiasmo, donde cada estudiante aport\u00f3 un toque especial y significativo a esta conmemoraci\u00f3n.<\/p>\n","protected":false},"excerpt":{"rendered":"<p>En Cultura Nacional School \u2013 Sede Sur celebramos con alegr\u00eda el D\u00eda del Idioma, una fecha muy importante en la que reconocemos el valor de nuestra lengua y la manera [&hellip;]<\/p>\n","protected":false},"author":5,"featured_media":11547,"comment_status":"open","ping_status":"open","sticky":false,"template":"","format":"standard","meta":{"footnotes":""},"categories":[2,159],"tags":[225,202,228],"class_list":["post-11537","post","type-post","status-publish","format-standard","has-post-thumbnail","hentry","category-blog","category-sur-school","tag-225","tag-cultura-nacional-school-sede-sur","tag-diadelidioma"],"_links":{"self":[{"href":"https:\/\/culturanacionalschool.hn\/index.php\/wp-json\/wp\/v2\/posts\/11537","targetHints":{"allow":["GET"]}}],"collection":[{"href":"https:\/\/culturanacionalschool.hn\/index.php\/wp-json\/wp\/v2\/posts"}],"about":[{"href":"https:\/\/culturanacionalschool.hn\/index.php\/wp-json\/wp\/v2\/types\/post"}],"author":[{"embeddable":true,"href":"https:\/\/culturanacionalschool.hn\/index.php\/wp-json\/wp\/v2\/users\/5"}],"replies":[{"embeddable":true,"href":"https:\/\/culturanacionalschool.hn\/index.php\/wp-json\/wp\/v2\/comments?post=11537"}],"version-history":[{"count":4,"href":"https:\/\/culturanacionalschool.hn\/index.php\/wp-json\/wp\/v2\/posts\/11537\/revisions"}],"predecessor-version":[{"id":11741,"href":"https:\/\/culturanacionalschool.hn\/index.php\/wp-json\/wp\/v2\/posts\/11537\/revisions\/11741"}],"wp:featuredmedia":[{"embeddable":true,"href":"https:\/\/culturanacionalschool.hn\/index.php\/wp-json\/wp\/v2\/media\/11547"}],"wp:attachment":[{"href":"https:\/\/culturanacionalschool.hn\/index.php\/wp-json\/wp\/v2\/media?parent=11537"}],"wp:term":[{"taxonomy":"category","embeddable":true,"href":"https:\/\/culturanacionalschool.hn\/index.php\/wp-json\/wp\/v2\/categories?post=11537"},{"taxonomy":"post_tag","embeddable":true,"href":"https:\/\/culturanacionalschool.hn\/index.php\/wp-json\/wp\/v2\/tags?post=11537"}],"curies":[{"name":"wp","href":"https:\/\/api.w.org\/{rel}","templated":true}]}}