{"id":11552,"date":"2025-11-06T15:41:02","date_gmt":"2025-11-06T15:41:02","guid":{"rendered":"https:\/\/culturanacionalschool.hn\/?p=11552"},"modified":"2025-11-06T15:41:05","modified_gmt":"2025-11-06T15:41:05","slug":"mothers-day-2025-cultura-nacional-school-sede-sur","status":"publish","type":"post","link":"https:\/\/culturanacionalschool.hn\/index.php\/2025\/11\/06\/mothers-day-2025-cultura-nacional-school-sede-sur\/","title":{"rendered":"Mother&#8217;s day 2025 | Cultura Nacional School-Sede Sur"},"content":{"rendered":"\n<p>En Cultura Nacional School \u2013 Sede Sur celebramos con mucha alegr\u00eda y cari\u00f1o el <strong>D\u00eda de la Madre<\/strong>, una fecha especial dedicada a esas mujeres que con amor, dedicaci\u00f3n y paciencia acompa\u00f1an cada paso de nuestros ni\u00f1os.<\/p>\n\n\n\n<p>Durante la jornada, se realizaron <strong>diversos actos y presentaciones<\/strong> preparados con entusiasmo. Los m\u00e1s peque\u00f1os se <strong>disfrazaron<\/strong>, cantaron hermosas <strong>canciones<\/strong> y realizaron actividades art\u00edsticas para demostrar todo el amor y agradecimiento hacia sus mamitas. Cada detalle fue pensado con el coraz\u00f3n, haciendo de este d\u00eda un momento lleno de ternura y emoci\u00f3n.<\/p>\n\n\n\n<p>Fue una celebraci\u00f3n inolvidable, donde las madres fueron homenajeadas por su esfuerzo, su cari\u00f1o y por ser el pilar m\u00e1s importante en la vida de sus hijos. \u00a1Gracias por todo, mamitas!.<\/p>\n\n\n\n<p><\/p>\n","protected":false},"excerpt":{"rendered":"<p>En Cultura Nacional School \u2013 Sede Sur celebramos con mucha alegr\u00eda y cari\u00f1o el D\u00eda de la Madre, una fecha especial dedicada a esas mujeres que con amor, dedicaci\u00f3n y [&hellip;]<\/p>\n","protected":false},"author":5,"featured_media":11562,"comment_status":"open","ping_status":"open","sticky":false,"template":"","format":"standard","meta":{"footnotes":""},"categories":[2,159],"tags":[225,202,199],"class_list":["post-11552","post","type-post","status-publish","format-standard","has-post-thumbnail","hentry","category-blog","category-sur-school","tag-225","tag-cultura-nacional-school-sede-sur","tag-mothersday"],"_links":{"self":[{"href":"https:\/\/culturanacionalschool.hn\/index.php\/wp-json\/wp\/v2\/posts\/11552","targetHints":{"allow":["GET"]}}],"collection":[{"href":"https:\/\/culturanacionalschool.hn\/index.php\/wp-json\/wp\/v2\/posts"}],"about":[{"href":"https:\/\/culturanacionalschool.hn\/index.php\/wp-json\/wp\/v2\/types\/post"}],"author":[{"embeddable":true,"href":"https:\/\/culturanacionalschool.hn\/index.php\/wp-json\/wp\/v2\/users\/5"}],"replies":[{"embeddable":true,"href":"https:\/\/culturanacionalschool.hn\/index.php\/wp-json\/wp\/v2\/comments?post=11552"}],"version-history":[{"count":2,"href":"https:\/\/culturanacionalschool.hn\/index.php\/wp-json\/wp\/v2\/posts\/11552\/revisions"}],"predecessor-version":[{"id":11586,"href":"https:\/\/culturanacionalschool.hn\/index.php\/wp-json\/wp\/v2\/posts\/11552\/revisions\/11586"}],"wp:featuredmedia":[{"embeddable":true,"href":"https:\/\/culturanacionalschool.hn\/index.php\/wp-json\/wp\/v2\/media\/11562"}],"wp:attachment":[{"href":"https:\/\/culturanacionalschool.hn\/index.php\/wp-json\/wp\/v2\/media?parent=11552"}],"wp:term":[{"taxonomy":"category","embeddable":true,"href":"https:\/\/culturanacionalschool.hn\/index.php\/wp-json\/wp\/v2\/categories?post=11552"},{"taxonomy":"post_tag","embeddable":true,"href":"https:\/\/culturanacionalschool.hn\/index.php\/wp-json\/wp\/v2\/tags?post=11552"}],"curies":[{"name":"wp","href":"https:\/\/api.w.org\/{rel}","templated":true}]}}