{"id":11587,"date":"2025-11-06T16:18:34","date_gmt":"2025-11-06T16:18:34","guid":{"rendered":"https:\/\/culturanacionalschool.hn\/?p=11587"},"modified":"2025-11-06T19:55:02","modified_gmt":"2025-11-06T19:55:02","slug":"feria-cientifica-2025-cultura-nacional-school-sede-sur","status":"publish","type":"post","link":"https:\/\/culturanacionalschool.hn\/index.php\/2025\/11\/06\/feria-cientifica-2025-cultura-nacional-school-sede-sur\/","title":{"rendered":"Feria Cient\u00edfica 2025 | Cultura Nacional School-Sede Sur"},"content":{"rendered":"\n<p>En Cultura Nacional School \u2013 Sede Sur llevamos a cabo nuestra <strong>Feria Cient\u00edfica<\/strong>, un espacio especial para explorar, aprender y descubrir el fascinante mundo de la ciencia. Durante esta jornada, los estudiantes presentaron diversos proyectos y experimentos que demostraron su curiosidad, creatividad y deseo de comprender c\u00f3mo funciona el mundo que nos rodea.<\/p>\n\n\n\n<p>Los ni\u00f1os, junto con el apoyo de sus docentes, realizaron maquetas, demostraciones, carteles informativos y peque\u00f1os experimentos, explicando con entusiasmo cada uno de sus procesos y resultados. Fue una experiencia muy enriquecedora, donde la investigaci\u00f3n y la imaginaci\u00f3n se unieron para fomentar el aprendizaje significativo.<\/p>\n\n\n\n<p>La Feria Cient\u00edfica fue una oportunidad para motivar el pensamiento cr\u00edtico, la observaci\u00f3n y el trabajo en equipo, fortaleciendo el amor por la ciencia y el descubrimiento. \u00a1Un evento lleno de saberes, innovaci\u00f3n y alegr\u00eda!<\/p>\n","protected":false},"excerpt":{"rendered":"<p>En Cultura Nacional School \u2013 Sede Sur llevamos a cabo nuestra Feria Cient\u00edfica, un espacio especial para explorar, aprender y descubrir el fascinante mundo de la ciencia. Durante esta jornada, [&hellip;]<\/p>\n","protected":false},"author":5,"featured_media":11594,"comment_status":"open","ping_status":"open","sticky":false,"template":"","format":"standard","meta":{"footnotes":""},"categories":[2,159],"tags":[225,202,229],"class_list":["post-11587","post","type-post","status-publish","format-standard","has-post-thumbnail","hentry","category-blog","category-sur-school","tag-225","tag-cultura-nacional-school-sede-sur","tag-feriacientifica"],"_links":{"self":[{"href":"https:\/\/culturanacionalschool.hn\/index.php\/wp-json\/wp\/v2\/posts\/11587","targetHints":{"allow":["GET"]}}],"collection":[{"href":"https:\/\/culturanacionalschool.hn\/index.php\/wp-json\/wp\/v2\/posts"}],"about":[{"href":"https:\/\/culturanacionalschool.hn\/index.php\/wp-json\/wp\/v2\/types\/post"}],"author":[{"embeddable":true,"href":"https:\/\/culturanacionalschool.hn\/index.php\/wp-json\/wp\/v2\/users\/5"}],"replies":[{"embeddable":true,"href":"https:\/\/culturanacionalschool.hn\/index.php\/wp-json\/wp\/v2\/comments?post=11587"}],"version-history":[{"count":3,"href":"https:\/\/culturanacionalschool.hn\/index.php\/wp-json\/wp\/v2\/posts\/11587\/revisions"}],"predecessor-version":[{"id":11676,"href":"https:\/\/culturanacionalschool.hn\/index.php\/wp-json\/wp\/v2\/posts\/11587\/revisions\/11676"}],"wp:featuredmedia":[{"embeddable":true,"href":"https:\/\/culturanacionalschool.hn\/index.php\/wp-json\/wp\/v2\/media\/11594"}],"wp:attachment":[{"href":"https:\/\/culturanacionalschool.hn\/index.php\/wp-json\/wp\/v2\/media?parent=11587"}],"wp:term":[{"taxonomy":"category","embeddable":true,"href":"https:\/\/culturanacionalschool.hn\/index.php\/wp-json\/wp\/v2\/categories?post=11587"},{"taxonomy":"post_tag","embeddable":true,"href":"https:\/\/culturanacionalschool.hn\/index.php\/wp-json\/wp\/v2\/tags?post=11587"}],"curies":[{"name":"wp","href":"https:\/\/api.w.org\/{rel}","templated":true}]}}