{"id":11603,"date":"2025-11-06T17:26:56","date_gmt":"2025-11-06T17:26:56","guid":{"rendered":"https:\/\/culturanacionalschool.hn\/?p=11603"},"modified":"2025-11-06T20:00:37","modified_gmt":"2025-11-06T20:00:37","slug":"feria-de-reciclaje-2025-cultura-nacional-scool-sede-sur","status":"publish","type":"post","link":"https:\/\/culturanacionalschool.hn\/index.php\/2025\/11\/06\/feria-de-reciclaje-2025-cultura-nacional-scool-sede-sur\/","title":{"rendered":"Feria de Reciclaje 2025 | Cultura Nacional Scool-Sede Sur"},"content":{"rendered":"\n<p>En Cultura Nacional School \u2013 Sede Sur llevamos a cabo nuestra <strong>Feria de Reciclaje<\/strong>, una actividad dedicada a fomentar el cuidado del medio ambiente y la creatividad al reutilizar materiales de manera responsable.<\/p>\n\n\n\n<p>Ese mismo d\u00eda tambi\u00e9n se <strong>celebr\u00f3 el D\u00eda del \u00c1rbol<\/strong>, una fecha especial en la que se resalt\u00f3 el papel fundamental que tienen los \u00e1rboles en la vida del planeta. A trav\u00e9s de din\u00e1micas, mensajes, carteles y reflexiones, los estudiantes comprendieron la importancia de sembrar, cuidar y proteger nuestros \u00e1rboles, que nos brindan aire puro, sombra y hogar para muchas especies.<\/p>\n\n\n\n<p>Durante la celebraci\u00f3n, los estudiantes <strong>lucieron trajes elaborados con materiales reciclados<\/strong>, demostrando ingenio, dedicaci\u00f3n y mucho talento. Las jovencitas desfilaron con <strong>trajes muy bien elaborados y hermosos<\/strong>, destacando la creatividad y el esmero en cada detalle.<\/p>\n\n\n\n<p> Por su parte, algunos de los peque\u00f1os se <strong>disfrazaron alusivos al tema<\/strong>, incluso representando <strong>animalitos del bosque<\/strong>, llenando la actividad de ternura, color y significado.Para cerrar esta celebraci\u00f3n, se entregaron <strong>reconocimientos al mejor traje<\/strong>, destacando la creatividad, la presentaci\u00f3n y el mensaje ambiental de cada propuesta.<\/p>\n\n\n\n<p><\/p>\n","protected":false},"excerpt":{"rendered":"<p>En Cultura Nacional School \u2013 Sede Sur llevamos a cabo nuestra Feria de Reciclaje, una actividad dedicada a fomentar el cuidado del medio ambiente y la creatividad al reutilizar materiales [&hellip;]<\/p>\n","protected":false},"author":5,"featured_media":11615,"comment_status":"open","ping_status":"open","sticky":false,"template":"","format":"standard","meta":{"footnotes":""},"categories":[2,159],"tags":[225,202,230],"class_list":["post-11603","post","type-post","status-publish","format-standard","has-post-thumbnail","hentry","category-blog","category-sur-school","tag-225","tag-cultura-nacional-school-sede-sur","tag-reciclaje"],"_links":{"self":[{"href":"https:\/\/culturanacionalschool.hn\/index.php\/wp-json\/wp\/v2\/posts\/11603","targetHints":{"allow":["GET"]}}],"collection":[{"href":"https:\/\/culturanacionalschool.hn\/index.php\/wp-json\/wp\/v2\/posts"}],"about":[{"href":"https:\/\/culturanacionalschool.hn\/index.php\/wp-json\/wp\/v2\/types\/post"}],"author":[{"embeddable":true,"href":"https:\/\/culturanacionalschool.hn\/index.php\/wp-json\/wp\/v2\/users\/5"}],"replies":[{"embeddable":true,"href":"https:\/\/culturanacionalschool.hn\/index.php\/wp-json\/wp\/v2\/comments?post=11603"}],"version-history":[{"count":4,"href":"https:\/\/culturanacionalschool.hn\/index.php\/wp-json\/wp\/v2\/posts\/11603\/revisions"}],"predecessor-version":[{"id":11681,"href":"https:\/\/culturanacionalschool.hn\/index.php\/wp-json\/wp\/v2\/posts\/11603\/revisions\/11681"}],"wp:featuredmedia":[{"embeddable":true,"href":"https:\/\/culturanacionalschool.hn\/index.php\/wp-json\/wp\/v2\/media\/11615"}],"wp:attachment":[{"href":"https:\/\/culturanacionalschool.hn\/index.php\/wp-json\/wp\/v2\/media?parent=11603"}],"wp:term":[{"taxonomy":"category","embeddable":true,"href":"https:\/\/culturanacionalschool.hn\/index.php\/wp-json\/wp\/v2\/categories?post=11603"},{"taxonomy":"post_tag","embeddable":true,"href":"https:\/\/culturanacionalschool.hn\/index.php\/wp-json\/wp\/v2\/tags?post=11603"}],"curies":[{"name":"wp","href":"https:\/\/api.w.org\/{rel}","templated":true}]}}