{"id":11742,"date":"2025-11-07T17:39:30","date_gmt":"2025-11-07T17:39:30","guid":{"rendered":"https:\/\/culturanacionalschool.hn\/?p=11742"},"modified":"2025-11-07T19:43:05","modified_gmt":"2025-11-07T19:43:05","slug":"olimpiadas-de-matematicas-la-cultura-nacional-school-sede-sur","status":"publish","type":"post","link":"https:\/\/culturanacionalschool.hn\/index.php\/2025\/11\/07\/olimpiadas-de-matematicas-la-cultura-nacional-school-sede-sur\/","title":{"rendered":"Olimpiadas de Matem\u00e1ticas 2025 | la Cultura Nacional School \u2013 Sede Sur"},"content":{"rendered":"\n<p>En la <strong>Cultura Nacional School \u2013 Sede Sur<\/strong> se llevaron a cabo las <strong>Olimpiadas de Matem\u00e1ticas<\/strong>, una actividad acad\u00e9mica que tuvo como prop\u00f3sito fortalecer el pensamiento l\u00f3gico, la resoluci\u00f3n de problemas y el gusto por las matem\u00e1ticas en nuestros estudiantes.<\/p>\n\n\n\n<p>Durante esta jornada, los ni\u00f1os participaron con entusiasmo en diferentes retos matem\u00e1ticos, demostrando habilidad, concentraci\u00f3n y trabajo en equipo. Cada ejercicio les permiti\u00f3 poner en pr\u00e1ctica sus conocimientos y descubrir que las matem\u00e1ticas est\u00e1n presentes en la vida diaria y pueden ser divertidas.<\/p>\n\n\n\n<p>Fue una experiencia enriquecedora en la que se promovi\u00f3 la sana competencia, el esfuerzo y la constancia. Felicitamos a todos los estudiantes que participaron, pues con dedicaci\u00f3n y compromiso demostraron que aprender tambi\u00e9n puede ser una aventura llena de desaf\u00edos y logros.<\/p>\n","protected":false},"excerpt":{"rendered":"<p>En la Cultura Nacional School \u2013 Sede Sur se llevaron a cabo las Olimpiadas de Matem\u00e1ticas, una actividad acad\u00e9mica que tuvo como prop\u00f3sito fortalecer el pensamiento l\u00f3gico, la resoluci\u00f3n de [&hellip;]<\/p>\n","protected":false},"author":5,"featured_media":11750,"comment_status":"open","ping_status":"open","sticky":false,"template":"","format":"standard","meta":{"footnotes":""},"categories":[2,159],"tags":[225,202,233],"class_list":["post-11742","post","type-post","status-publish","format-standard","has-post-thumbnail","hentry","category-blog","category-sur-school","tag-225","tag-cultura-nacional-school-sede-sur","tag-math"],"_links":{"self":[{"href":"https:\/\/culturanacionalschool.hn\/index.php\/wp-json\/wp\/v2\/posts\/11742","targetHints":{"allow":["GET"]}}],"collection":[{"href":"https:\/\/culturanacionalschool.hn\/index.php\/wp-json\/wp\/v2\/posts"}],"about":[{"href":"https:\/\/culturanacionalschool.hn\/index.php\/wp-json\/wp\/v2\/types\/post"}],"author":[{"embeddable":true,"href":"https:\/\/culturanacionalschool.hn\/index.php\/wp-json\/wp\/v2\/users\/5"}],"replies":[{"embeddable":true,"href":"https:\/\/culturanacionalschool.hn\/index.php\/wp-json\/wp\/v2\/comments?post=11742"}],"version-history":[{"count":5,"href":"https:\/\/culturanacionalschool.hn\/index.php\/wp-json\/wp\/v2\/posts\/11742\/revisions"}],"predecessor-version":[{"id":11783,"href":"https:\/\/culturanacionalschool.hn\/index.php\/wp-json\/wp\/v2\/posts\/11742\/revisions\/11783"}],"wp:featuredmedia":[{"embeddable":true,"href":"https:\/\/culturanacionalschool.hn\/index.php\/wp-json\/wp\/v2\/media\/11750"}],"wp:attachment":[{"href":"https:\/\/culturanacionalschool.hn\/index.php\/wp-json\/wp\/v2\/media?parent=11742"}],"wp:term":[{"taxonomy":"category","embeddable":true,"href":"https:\/\/culturanacionalschool.hn\/index.php\/wp-json\/wp\/v2\/categories?post=11742"},{"taxonomy":"post_tag","embeddable":true,"href":"https:\/\/culturanacionalschool.hn\/index.php\/wp-json\/wp\/v2\/tags?post=11742"}],"curies":[{"name":"wp","href":"https:\/\/api.w.org\/{rel}","templated":true}]}}