{"id":11753,"date":"2025-11-07T18:10:51","date_gmt":"2025-11-07T18:10:51","guid":{"rendered":"https:\/\/culturanacionalschool.hn\/?p=11753"},"modified":"2025-11-07T18:10:55","modified_gmt":"2025-11-07T18:10:55","slug":"seminario-del-himno-nacional-2025-cultura-nacional-school-sede-sur","status":"publish","type":"post","link":"https:\/\/culturanacionalschool.hn\/index.php\/2025\/11\/07\/seminario-del-himno-nacional-2025-cultura-nacional-school-sede-sur\/","title":{"rendered":"Seminario del Himno Nacional 2025 | Cultura Nacional School- Sede Sur"},"content":{"rendered":"\n<p>En la <strong>Cultura Nacional School \u2013 Sede Sur<\/strong>, llevamos a cabo un <strong>seminario especial en conmemoraci\u00f3n del D\u00eda del Himno Nacional<\/strong>, con el prop\u00f3sito de fortalecer el conocimiento y sentido de identidad patri\u00f3tica en nuestros estudiantes.<\/p>\n\n\n\n<p>Durante la jornada, los estudiantes conocieron la <strong>historia, el origen y el significado<\/strong> de nuestro Himno Nacional, comprendiendo su importancia como s\u00edmbolo de unidad, orgullo y amor por nuestra patria. Adem\u00e1s, participaron activamente compartiendo ideas, aclarando dudas y demostrando inter\u00e9s por nuestra identidad cultural.<\/p>\n\n\n\n<p>Como parte del seminario, tambi\u00e9n se ofreci\u00f3 una <strong>clase pr\u00e1ctica sobre el correcto doblado y extendido de la Bandera Nacional<\/strong>, destacando la importancia de tratarla siempre con respeto, cuidado y honor. Los estudiantes aprendieron los pasos adecuados y comprendieron el valor simb\u00f3lico que representa nuestro principal emblema patrio.<\/p>\n\n\n\n<p>Fue una actividad enriquecedora que promovi\u00f3 el conocimiento, el civismo y el respeto, reforzando en nuestros alumnos el amor y la responsabilidad hacia los s\u00edmbolos que nos representan como hondure\u00f1os.<\/p>\n\n\n\n<p><\/p>\n","protected":false},"excerpt":{"rendered":"<p>En la Cultura Nacional School \u2013 Sede Sur, llevamos a cabo un seminario especial en conmemoraci\u00f3n del D\u00eda del Himno Nacional, con el prop\u00f3sito de fortalecer el conocimiento y sentido [&hellip;]<\/p>\n","protected":false},"author":5,"featured_media":11756,"comment_status":"open","ping_status":"open","sticky":false,"template":"","format":"standard","meta":{"footnotes":""},"categories":[2,159],"tags":[225,202,234],"class_list":["post-11753","post","type-post","status-publish","format-standard","has-post-thumbnail","hentry","category-blog","category-sur-school","tag-225","tag-cultura-nacional-school-sede-sur","tag-seminario"],"_links":{"self":[{"href":"https:\/\/culturanacionalschool.hn\/index.php\/wp-json\/wp\/v2\/posts\/11753","targetHints":{"allow":["GET"]}}],"collection":[{"href":"https:\/\/culturanacionalschool.hn\/index.php\/wp-json\/wp\/v2\/posts"}],"about":[{"href":"https:\/\/culturanacionalschool.hn\/index.php\/wp-json\/wp\/v2\/types\/post"}],"author":[{"embeddable":true,"href":"https:\/\/culturanacionalschool.hn\/index.php\/wp-json\/wp\/v2\/users\/5"}],"replies":[{"embeddable":true,"href":"https:\/\/culturanacionalschool.hn\/index.php\/wp-json\/wp\/v2\/comments?post=11753"}],"version-history":[{"count":2,"href":"https:\/\/culturanacionalschool.hn\/index.php\/wp-json\/wp\/v2\/posts\/11753\/revisions"}],"predecessor-version":[{"id":11763,"href":"https:\/\/culturanacionalschool.hn\/index.php\/wp-json\/wp\/v2\/posts\/11753\/revisions\/11763"}],"wp:featuredmedia":[{"embeddable":true,"href":"https:\/\/culturanacionalschool.hn\/index.php\/wp-json\/wp\/v2\/media\/11756"}],"wp:attachment":[{"href":"https:\/\/culturanacionalschool.hn\/index.php\/wp-json\/wp\/v2\/media?parent=11753"}],"wp:term":[{"taxonomy":"category","embeddable":true,"href":"https:\/\/culturanacionalschool.hn\/index.php\/wp-json\/wp\/v2\/categories?post=11753"},{"taxonomy":"post_tag","embeddable":true,"href":"https:\/\/culturanacionalschool.hn\/index.php\/wp-json\/wp\/v2\/tags?post=11753"}],"curies":[{"name":"wp","href":"https:\/\/api.w.org\/{rel}","templated":true}]}}