{"id":11764,"date":"2025-11-07T19:41:17","date_gmt":"2025-11-07T19:41:17","guid":{"rendered":"https:\/\/culturanacionalschool.hn\/?p=11764"},"modified":"2025-11-07T19:42:31","modified_gmt":"2025-11-07T19:42:31","slug":"dia-de-la-bandera-cultura-nacional-school-sede-sur","status":"publish","type":"post","link":"https:\/\/culturanacionalschool.hn\/index.php\/2025\/11\/07\/dia-de-la-bandera-cultura-nacional-school-sede-sur\/","title":{"rendered":"D\u00eda de la Bandera 2025 | Cultura Nacional School \u2013 Sede Sur"},"content":{"rendered":"\n<p>En la <strong>Cultura Nacional School \u2013 Sede Sur<\/strong> celebramos el <strong>D\u00eda de la Bandera<\/strong>, una fecha que nos invita a honrar uno de los s\u00edmbolos patrios m\u00e1s importantes de nuestra naci\u00f3n. La Bandera representa nuestra historia, nuestros valores y el orgullo de ser hondure\u00f1os.<\/p>\n\n\n\n<p>Durante la actividad, los estudiantes participaron con respeto y entusiasmo en actos c\u00edvicos, reflexionando sobre el significado de los colores y las cinco estrellas que simbolizan la uni\u00f3n de Centroam\u00e9rica. Adem\u00e1s, se realiz\u00f3 una <strong>demostraci\u00f3n del correcto doblado y extendido de la Bandera<\/strong>, reforzando el respeto y cuidado que debemos tener hacia ella.<\/p>\n\n\n\n<p>Fue una jornada formativa y significativa, donde se fortaleci\u00f3 el amor por nuestra patria y el compromiso de portar con honor los s\u00edmbolos que nos identifican como naci\u00f3n.<\/p>\n","protected":false},"excerpt":{"rendered":"<p>En la Cultura Nacional School \u2013 Sede Sur celebramos el D\u00eda de la Bandera, una fecha que nos invita a honrar uno de los s\u00edmbolos patrios m\u00e1s importantes de nuestra [&hellip;]<\/p>\n","protected":false},"author":5,"featured_media":11770,"comment_status":"open","ping_status":"open","sticky":false,"template":"","format":"standard","meta":{"footnotes":""},"categories":[2,159],"tags":[225,235,202],"class_list":["post-11764","post","type-post","status-publish","format-standard","has-post-thumbnail","hentry","category-blog","category-sur-school","tag-225","tag-bandera","tag-cultura-nacional-school-sede-sur"],"_links":{"self":[{"href":"https:\/\/culturanacionalschool.hn\/index.php\/wp-json\/wp\/v2\/posts\/11764","targetHints":{"allow":["GET"]}}],"collection":[{"href":"https:\/\/culturanacionalschool.hn\/index.php\/wp-json\/wp\/v2\/posts"}],"about":[{"href":"https:\/\/culturanacionalschool.hn\/index.php\/wp-json\/wp\/v2\/types\/post"}],"author":[{"embeddable":true,"href":"https:\/\/culturanacionalschool.hn\/index.php\/wp-json\/wp\/v2\/users\/5"}],"replies":[{"embeddable":true,"href":"https:\/\/culturanacionalschool.hn\/index.php\/wp-json\/wp\/v2\/comments?post=11764"}],"version-history":[{"count":3,"href":"https:\/\/culturanacionalschool.hn\/index.php\/wp-json\/wp\/v2\/posts\/11764\/revisions"}],"predecessor-version":[{"id":11782,"href":"https:\/\/culturanacionalschool.hn\/index.php\/wp-json\/wp\/v2\/posts\/11764\/revisions\/11782"}],"wp:featuredmedia":[{"embeddable":true,"href":"https:\/\/culturanacionalschool.hn\/index.php\/wp-json\/wp\/v2\/media\/11770"}],"wp:attachment":[{"href":"https:\/\/culturanacionalschool.hn\/index.php\/wp-json\/wp\/v2\/media?parent=11764"}],"wp:term":[{"taxonomy":"category","embeddable":true,"href":"https:\/\/culturanacionalschool.hn\/index.php\/wp-json\/wp\/v2\/categories?post=11764"},{"taxonomy":"post_tag","embeddable":true,"href":"https:\/\/culturanacionalschool.hn\/index.php\/wp-json\/wp\/v2\/tags?post=11764"}],"curies":[{"name":"wp","href":"https:\/\/api.w.org\/{rel}","templated":true}]}}