{"id":12073,"date":"2025-11-15T15:37:28","date_gmt":"2025-11-15T15:37:28","guid":{"rendered":"https:\/\/culturanacionalschool.hn\/?p=12073"},"modified":"2025-11-15T15:37:31","modified_gmt":"2025-11-15T15:37:31","slug":"celebramos-el-dia-del-nino-2025-en-cultura-nacional-school-sede-sur","status":"publish","type":"post","link":"https:\/\/culturanacionalschool.hn\/index.php\/2025\/11\/15\/celebramos-el-dia-del-nino-2025-en-cultura-nacional-school-sede-sur\/","title":{"rendered":"\u00a1Celebramos el D\u00eda del Ni\u00f1o 2025 en Cultura Nacional School \u2013 Sede Sur!"},"content":{"rendered":"\n<p>Vivimos una jornada llena de alegr\u00eda, colores y sonrisas para honrar a quienes son la esencia de nuestra instituci\u00f3n: <strong>nuestros ni\u00f1os y ni\u00f1as<\/strong>.<\/p>\n\n\n\n<p>Este d\u00eda especial nos recuerda la importancia de proteger su bienestar, cultivar sus sue\u00f1os y acompa\u00f1arlos con cari\u00f1o en cada paso de su crecimiento. Nuestros estudiantes disfrutaron actividades recreativas, juegos, din\u00e1micas de integraci\u00f3n, <strong>pi\u00f1atas llenas de sorpresas<\/strong> y momentos preparados con dedicaci\u00f3n por nuestros docentes y colaboradores, quienes trabajaron para brindar una experiencia inolvidable.<\/p>\n\n\n\n<p>Cada risa, cada mirada curiosa y cada gesto de entusiasmo nos inspira a continuar construyendo un espacio donde los ni\u00f1os se sientan valorados, seguros y felices. En Cultura Nacional School \u2013 Sede Sur creemos firmemente que ellos son el presente que ilumina nuestro camino y el futuro que nos impulsa a ser mejores cada d\u00eda<\/p>\n","protected":false},"excerpt":{"rendered":"<p>Vivimos una jornada llena de alegr\u00eda, colores y sonrisas para honrar a quienes son la esencia de nuestra instituci\u00f3n: nuestros ni\u00f1os y ni\u00f1as. Este d\u00eda especial nos recuerda la importancia [&hellip;]<\/p>\n","protected":false},"author":5,"featured_media":12087,"comment_status":"open","ping_status":"open","sticky":false,"template":"","format":"standard","meta":{"footnotes":""},"categories":[2,159],"tags":[225,202,236,8],"class_list":["post-12073","post","type-post","status-publish","format-standard","has-post-thumbnail","hentry","category-blog","category-sur-school","tag-225","tag-cultura-nacional-school-sede-sur","tag-diadelnino","tag-student"],"_links":{"self":[{"href":"https:\/\/culturanacionalschool.hn\/index.php\/wp-json\/wp\/v2\/posts\/12073","targetHints":{"allow":["GET"]}}],"collection":[{"href":"https:\/\/culturanacionalschool.hn\/index.php\/wp-json\/wp\/v2\/posts"}],"about":[{"href":"https:\/\/culturanacionalschool.hn\/index.php\/wp-json\/wp\/v2\/types\/post"}],"author":[{"embeddable":true,"href":"https:\/\/culturanacionalschool.hn\/index.php\/wp-json\/wp\/v2\/users\/5"}],"replies":[{"embeddable":true,"href":"https:\/\/culturanacionalschool.hn\/index.php\/wp-json\/wp\/v2\/comments?post=12073"}],"version-history":[{"count":2,"href":"https:\/\/culturanacionalschool.hn\/index.php\/wp-json\/wp\/v2\/posts\/12073\/revisions"}],"predecessor-version":[{"id":12090,"href":"https:\/\/culturanacionalschool.hn\/index.php\/wp-json\/wp\/v2\/posts\/12073\/revisions\/12090"}],"wp:featuredmedia":[{"embeddable":true,"href":"https:\/\/culturanacionalschool.hn\/index.php\/wp-json\/wp\/v2\/media\/12087"}],"wp:attachment":[{"href":"https:\/\/culturanacionalschool.hn\/index.php\/wp-json\/wp\/v2\/media?parent=12073"}],"wp:term":[{"taxonomy":"category","embeddable":true,"href":"https:\/\/culturanacionalschool.hn\/index.php\/wp-json\/wp\/v2\/categories?post=12073"},{"taxonomy":"post_tag","embeddable":true,"href":"https:\/\/culturanacionalschool.hn\/index.php\/wp-json\/wp\/v2\/tags?post=12073"}],"curies":[{"name":"wp","href":"https:\/\/api.w.org\/{rel}","templated":true}]}}