{"id":12091,"date":"2025-11-15T15:57:44","date_gmt":"2025-11-15T15:57:44","guid":{"rendered":"https:\/\/culturanacionalschool.hn\/?p=12091"},"modified":"2025-11-15T15:57:48","modified_gmt":"2025-11-15T15:57:48","slug":"presentacion-de-practica-profesional-2025-en-cultura-nacional-school-sede-sur","status":"publish","type":"post","link":"https:\/\/culturanacionalschool.hn\/index.php\/2025\/11\/15\/presentacion-de-practica-profesional-2025-en-cultura-nacional-school-sede-sur\/","title":{"rendered":"Presentaci\u00f3n de Pr\u00e1ctica Profesional 2025 en Cultura Nacional School \u2013 Sede Sur"},"content":{"rendered":"\n<p>La presentaci\u00f3n de la pr\u00e1ctica profesional realizada en Cultura Nacional School \u2013 Sede Sur tuvo como finalidad exponer el proceso de formaci\u00f3n, las actividades desarrolladas y las competencias adquiridas a lo largo del periodo de pr\u00e1ctica. Este espacio permiti\u00f3 demostrar la aplicaci\u00f3n de los conocimientos te\u00f3ricos en un entorno educativo real, as\u00ed como evidenciar la capacidad de planificaci\u00f3n, acompa\u00f1amiento y ejecuci\u00f3n de tareas pedag\u00f3gicas y administrativas.<\/p>\n\n\n\n<p>Durante la pr\u00e1ctica profesional, los participantes trabajaron <strong>junto con sus maestros gu\u00edas<\/strong>, quienes brindaron orientaci\u00f3n, apoyo y retroalimentaci\u00f3n constante para fortalecer el desempe\u00f1o en cada una de las actividades. Entre las labores realizadas se incluyeron el apoyo acad\u00e9mico, la observaci\u00f3n de clases, la creaci\u00f3n de materiales did\u00e1cticos, el acompa\u00f1amiento a los estudiantes y la colaboraci\u00f3n en eventos institucionales.<\/p>\n\n\n\n<p>La pr\u00e1ctica profesional en Cultura Nacional School \u2013 Sede Sur, guiada de la mano de docentes comprometidos, represent\u00f3 una oportunidad significativa que aport\u00f3 conocimientos, madurez y una visi\u00f3n m\u00e1s amplia del rol educativo.<\/p>\n","protected":false},"excerpt":{"rendered":"<p>La presentaci\u00f3n de la pr\u00e1ctica profesional realizada en Cultura Nacional School \u2013 Sede Sur tuvo como finalidad exponer el proceso de formaci\u00f3n, las actividades desarrolladas y las competencias adquiridas a [&hellip;]<\/p>\n","protected":false},"author":5,"featured_media":12103,"comment_status":"open","ping_status":"open","sticky":false,"template":"","format":"standard","meta":{"footnotes":""},"categories":[2,159],"tags":[225,202,237,149],"class_list":["post-12091","post","type-post","status-publish","format-standard","has-post-thumbnail","hentry","category-blog","category-sur-school","tag-225","tag-cultura-nacional-school-sede-sur","tag-practicaprofesional","tag-seniors"],"_links":{"self":[{"href":"https:\/\/culturanacionalschool.hn\/index.php\/wp-json\/wp\/v2\/posts\/12091","targetHints":{"allow":["GET"]}}],"collection":[{"href":"https:\/\/culturanacionalschool.hn\/index.php\/wp-json\/wp\/v2\/posts"}],"about":[{"href":"https:\/\/culturanacionalschool.hn\/index.php\/wp-json\/wp\/v2\/types\/post"}],"author":[{"embeddable":true,"href":"https:\/\/culturanacionalschool.hn\/index.php\/wp-json\/wp\/v2\/users\/5"}],"replies":[{"embeddable":true,"href":"https:\/\/culturanacionalschool.hn\/index.php\/wp-json\/wp\/v2\/comments?post=12091"}],"version-history":[{"count":2,"href":"https:\/\/culturanacionalschool.hn\/index.php\/wp-json\/wp\/v2\/posts\/12091\/revisions"}],"predecessor-version":[{"id":12105,"href":"https:\/\/culturanacionalschool.hn\/index.php\/wp-json\/wp\/v2\/posts\/12091\/revisions\/12105"}],"wp:featuredmedia":[{"embeddable":true,"href":"https:\/\/culturanacionalschool.hn\/index.php\/wp-json\/wp\/v2\/media\/12103"}],"wp:attachment":[{"href":"https:\/\/culturanacionalschool.hn\/index.php\/wp-json\/wp\/v2\/media?parent=12091"}],"wp:term":[{"taxonomy":"category","embeddable":true,"href":"https:\/\/culturanacionalschool.hn\/index.php\/wp-json\/wp\/v2\/categories?post=12091"},{"taxonomy":"post_tag","embeddable":true,"href":"https:\/\/culturanacionalschool.hn\/index.php\/wp-json\/wp\/v2\/tags?post=12091"}],"curies":[{"name":"wp","href":"https:\/\/api.w.org\/{rel}","templated":true}]}}