{"id":12106,"date":"2025-11-15T17:07:46","date_gmt":"2025-11-15T17:07:46","guid":{"rendered":"https:\/\/culturanacionalschool.hn\/?p=12106"},"modified":"2025-11-15T17:07:52","modified_gmt":"2025-11-15T17:07:52","slug":"cierre-de-ano-escolar-2025-en-cultura-nacional-school-sede-sur","status":"publish","type":"post","link":"https:\/\/culturanacionalschool.hn\/index.php\/2025\/11\/15\/cierre-de-ano-escolar-2025-en-cultura-nacional-school-sede-sur\/","title":{"rendered":"Cierre de A\u00f1o Escolar 2025 en Cultura Nacional School \u2013 Sede Sur"},"content":{"rendered":"\n<p>En Cultura Nacional School \u2013 Sede Sur vivimos un maravilloso cierre de a\u00f1o escolar, lleno de magia, aprendizajes y momentos inolvidables. La comunidad educativa se reuni\u00f3 para celebrar con entusiasmo una jornada repleta de <strong>actos navide\u00f1os, premiaciones, reconocimientos y mucha alegr\u00eda<\/strong>, destacando el esfuerzo y dedicaci\u00f3n de nuestros estudiantes a lo largo del a\u00f1o.<\/p>\n\n\n\n<p>Los actos navide\u00f1os llenaron el ambiente de esp\u00edritu festivo, con presentaciones art\u00edsticas, villancicos y actividades que reflejaron el talento y la creatividad de nuestros alumnos. Adem\u00e1s, <strong>cada grado disfrut\u00f3 de su propio convivio navide\u00f1o<\/strong>, un espacio especial donde los estudiantes compartieron alimentos, risas, juegos y momentos de uni\u00f3n que fortalecieron los lazos entre compa\u00f1eros y maestros.<\/p>\n\n\n\n<p>Las premiaciones y reconocimientos fueron un momento significativo para celebrar la perseverancia, el compromiso y los logros acad\u00e9micos y personales alcanzados durante el ciclo escolar. Cada sonrisa, cada aplauso y cada felicitaci\u00f3n reafirmaron la importancia de trabajar juntos como una gran familia educativa.<\/p>\n\n\n\n<p>Durante la jornada tambi\u00e9n se llev\u00f3 a cabo un momento muy especial: <strong>la premiaci\u00f3n a los j\u00f3venes que representaron a la instituci\u00f3n en el campeonato de f\u00fatbol<\/strong>, reconociendo su disciplina, esfuerzo, trabajo en equipo y el orgullo que han brindado a la comunidad escolar con su destacada participaci\u00f3n.<\/p>\n\n\n\n<p><em><strong>\u00a1Gracias a todos por ser parte de este hermoso proceso!<\/strong><br>En Cultura Nacional School \u2013 Sede Sur seguimos construyendo educaci\u00f3n con dedicaci\u00f3n, valores y alegr\u00eda.<\/em><\/p>\n\n\n\n<p><\/p>\n","protected":false},"excerpt":{"rendered":"<p>En Cultura Nacional School \u2013 Sede Sur vivimos un maravilloso cierre de a\u00f1o escolar, lleno de magia, aprendizajes y momentos inolvidables. La comunidad educativa se reuni\u00f3 para celebrar con entusiasmo [&hellip;]<\/p>\n","protected":false},"author":5,"featured_media":12177,"comment_status":"open","ping_status":"open","sticky":false,"template":"","format":"standard","meta":{"footnotes":""},"categories":[2,159],"tags":[225,238,202,239,8],"class_list":["post-12106","post","type-post","status-publish","format-standard","has-post-thumbnail","hentry","category-blog","category-sur-school","tag-225","tag-christmas","tag-cultura-nacional-school-sede-sur","tag-lastday","tag-student"],"_links":{"self":[{"href":"https:\/\/culturanacionalschool.hn\/index.php\/wp-json\/wp\/v2\/posts\/12106","targetHints":{"allow":["GET"]}}],"collection":[{"href":"https:\/\/culturanacionalschool.hn\/index.php\/wp-json\/wp\/v2\/posts"}],"about":[{"href":"https:\/\/culturanacionalschool.hn\/index.php\/wp-json\/wp\/v2\/types\/post"}],"author":[{"embeddable":true,"href":"https:\/\/culturanacionalschool.hn\/index.php\/wp-json\/wp\/v2\/users\/5"}],"replies":[{"embeddable":true,"href":"https:\/\/culturanacionalschool.hn\/index.php\/wp-json\/wp\/v2\/comments?post=12106"}],"version-history":[{"count":2,"href":"https:\/\/culturanacionalschool.hn\/index.php\/wp-json\/wp\/v2\/posts\/12106\/revisions"}],"predecessor-version":[{"id":12201,"href":"https:\/\/culturanacionalschool.hn\/index.php\/wp-json\/wp\/v2\/posts\/12106\/revisions\/12201"}],"wp:featuredmedia":[{"embeddable":true,"href":"https:\/\/culturanacionalschool.hn\/index.php\/wp-json\/wp\/v2\/media\/12177"}],"wp:attachment":[{"href":"https:\/\/culturanacionalschool.hn\/index.php\/wp-json\/wp\/v2\/media?parent=12106"}],"wp:term":[{"taxonomy":"category","embeddable":true,"href":"https:\/\/culturanacionalschool.hn\/index.php\/wp-json\/wp\/v2\/categories?post=12106"},{"taxonomy":"post_tag","embeddable":true,"href":"https:\/\/culturanacionalschool.hn\/index.php\/wp-json\/wp\/v2\/tags?post=12106"}],"curies":[{"name":"wp","href":"https:\/\/api.w.org\/{rel}","templated":true}]}}