{"id":12233,"date":"2026-02-27T22:07:27","date_gmt":"2026-02-27T22:07:27","guid":{"rendered":"https:\/\/culturanacionalschool.hn\/?p=12233"},"modified":"2026-02-27T22:37:44","modified_gmt":"2026-02-27T22:37:44","slug":"padres-y-alumnos-del-cultura-nacional-school-celebran-juntos-la-senior-entrance","status":"publish","type":"post","link":"https:\/\/culturanacionalschool.hn\/index.php\/2026\/02\/27\/padres-y-alumnos-del-cultura-nacional-school-celebran-juntos-la-senior-entrance\/","title":{"rendered":"Padres y alumnos del Cultura Nacional School celebran juntos la Senior Entrance"},"content":{"rendered":"\n<p>La Senior Entrance del Cultura Nacional School estuvo marcada por un emotivo gesto de amor y acompa\u00f1amiento por parte de los padres de familia, quienes con evidente orgullo respaldaron a sus hijos en este momento tan significativo. Durante la jornada, las familias no solo acompa\u00f1aron la caravana, sino que tambi\u00e9n posaron con alegr\u00eda para las fotograf\u00edas, dejando ver la emoci\u00f3n de ver a sus hijos avanzar hacia la etapa universitaria.<\/p>\n\n\n\n<p>Una vez finalizado el recorrido, la caravana arrib\u00f3 a las instalaciones de la sede principal del Cultura Nacional School, instituci\u00f3n con m\u00e1s de 70 a\u00f1os de fundaci\u00f3n, ubicada en el Barrio San Rafael. Este espacio hist\u00f3rico se convirti\u00f3 en el escenario perfecto para continuar la celebraci\u00f3n de este importante hito acad\u00e9mico.<\/p>\n\n\n\n<p>All\u00ed, estudiantes y padres compartieron un valioso tiempo para capturar recuerdos a trav\u00e9s de fotograf\u00edas llenas de sonrisas, abrazos y orgullo familiar. Sin duda, la Senior Entrance reafirma que en el Cultura Nacional School la formaci\u00f3n acad\u00e9mica camina siempre de la mano del apoyo incondicional de las familias.<\/p>\n\n\n\n<figure class=\"wp-block-video\"><video height=\"1280\" style=\"aspect-ratio: 720 \/ 1280;\" width=\"720\" controls src=\"https:\/\/culturanacionalschool.hn\/wp-content\/uploads\/2026\/02\/video-entrada-senior.mp4\"><\/video><\/figure>\n","protected":false},"excerpt":{"rendered":"<p>La Senior Entrance del Cultura Nacional School estuvo marcada por un emotivo gesto de amor y acompa\u00f1amiento por parte de los padres de familia, quienes con evidente orgullo respaldaron a [&hellip;]<\/p>\n","protected":false},"author":4,"featured_media":12295,"comment_status":"open","ping_status":"open","sticky":false,"template":"","format":"standard","meta":{"footnotes":""},"categories":[2,158],"tags":[],"class_list":["post-12233","post","type-post","status-publish","format-standard","has-post-thumbnail","hentry","category-blog","category-centro-school"],"_links":{"self":[{"href":"https:\/\/culturanacionalschool.hn\/index.php\/wp-json\/wp\/v2\/posts\/12233","targetHints":{"allow":["GET"]}}],"collection":[{"href":"https:\/\/culturanacionalschool.hn\/index.php\/wp-json\/wp\/v2\/posts"}],"about":[{"href":"https:\/\/culturanacionalschool.hn\/index.php\/wp-json\/wp\/v2\/types\/post"}],"author":[{"embeddable":true,"href":"https:\/\/culturanacionalschool.hn\/index.php\/wp-json\/wp\/v2\/users\/4"}],"replies":[{"embeddable":true,"href":"https:\/\/culturanacionalschool.hn\/index.php\/wp-json\/wp\/v2\/comments?post=12233"}],"version-history":[{"count":5,"href":"https:\/\/culturanacionalschool.hn\/index.php\/wp-json\/wp\/v2\/posts\/12233\/revisions"}],"predecessor-version":[{"id":12301,"href":"https:\/\/culturanacionalschool.hn\/index.php\/wp-json\/wp\/v2\/posts\/12233\/revisions\/12301"}],"wp:featuredmedia":[{"embeddable":true,"href":"https:\/\/culturanacionalschool.hn\/index.php\/wp-json\/wp\/v2\/media\/12295"}],"wp:attachment":[{"href":"https:\/\/culturanacionalschool.hn\/index.php\/wp-json\/wp\/v2\/media?parent=12233"}],"wp:term":[{"taxonomy":"category","embeddable":true,"href":"https:\/\/culturanacionalschool.hn\/index.php\/wp-json\/wp\/v2\/categories?post=12233"},{"taxonomy":"post_tag","embeddable":true,"href":"https:\/\/culturanacionalschool.hn\/index.php\/wp-json\/wp\/v2\/tags?post=12233"}],"curies":[{"name":"wp","href":"https:\/\/api.w.org\/{rel}","templated":true}]}}