{"id":12351,"date":"2026-03-02T18:40:42","date_gmt":"2026-03-02T18:40:42","guid":{"rendered":"https:\/\/culturanacionalschool.hn\/?p=12351"},"modified":"2026-03-02T18:41:52","modified_gmt":"2026-03-02T18:41:52","slug":"en-el-cultura-nacional-school-iniciamos-el-ano-escolar-2026-con-entusiasmo-y-firme-compromiso-por-una-educacion-trilingue","status":"publish","type":"post","link":"https:\/\/culturanacionalschool.hn\/index.php\/2026\/03\/02\/en-el-cultura-nacional-school-iniciamos-el-ano-escolar-2026-con-entusiasmo-y-firme-compromiso-por-una-educacion-trilingue\/","title":{"rendered":"En el Cultura Nacional School iniciamos el a\u00f1o escolar 2026 con entusiasmo y firme compromiso por una educaci\u00f3n triling\u00fce"},"content":{"rendered":"\n<p><\/p>\n\n\n\n<p>Con mucha alegr\u00eda y entusiasmo hemos dado inicio a un nuevo a\u00f1o escolar en Cultura Nacional School.<\/p>\n\n\n\n<p>Desde los primeros d\u00edas, nuestras aulas se han llenado de sonrisas, energ\u00eda y grandes expectativas, reflejando el compromiso de toda nuestra comunidad educativa por comenzar este ciclo con optimismo y dedicaci\u00f3n.<\/p>\n\n\n\n<p>Cada estudiante, docente y colaborador forma parte esencial de este nuevo cap\u00edtulo que emprendemos juntos.<\/p>\n\n\n\n<p>Nuestro principal objetivo es brindar una educaci\u00f3n triling\u00fce de excelencia, que permita a nuestros estudiantes desarrollar competencias acad\u00e9micas s\u00f3lidas y, al mismo tiempo, fortalecer sus habilidades comunicativas en tres idiomas.<\/p>\n\n\n\n<p>Creemos firmemente que el dominio de diferentes lenguas abre puertas a nuevas oportunidades, fomenta la interculturalidad y prepara a nuestros alumnos para enfrentar con \u00e9xito los retos de un mundo cada vez m\u00e1s globalizado.<\/p>\n\n\n\n<p>En Cultura Nacional School, trabajamos con vocaci\u00f3n, valores y una visi\u00f3n clara de futuro, promoviendo no solo el aprendizaje acad\u00e9mico, sino tambi\u00e9n la formaci\u00f3n integral de cada ni\u00f1o y joven.<\/p>\n\n\n\n<p>Este a\u00f1o escolar lo asumimos con renovado compromiso, convencidos de que, junto a las familias, construiremos experiencias educativas significativas que marcar\u00e1n positivamente la vida de nuestros estudiantes del Cultura Nacional School.<\/p>\n","protected":false},"excerpt":{"rendered":"<p>Con mucha alegr\u00eda y entusiasmo hemos dado inicio a un nuevo a\u00f1o escolar en Cultura Nacional School. Desde los primeros d\u00edas, nuestras aulas se han llenado de sonrisas, energ\u00eda y [&hellip;]<\/p>\n","protected":false},"author":5,"featured_media":12352,"comment_status":"open","ping_status":"open","sticky":false,"template":"","format":"standard","meta":{"footnotes":""},"categories":[2,159],"tags":[222,202,8],"class_list":["post-12351","post","type-post","status-publish","format-standard","has-post-thumbnail","hentry","category-blog","category-sur-school","tag-backtoschool","tag-cultura-nacional-school-sede-sur","tag-student"],"_links":{"self":[{"href":"https:\/\/culturanacionalschool.hn\/index.php\/wp-json\/wp\/v2\/posts\/12351","targetHints":{"allow":["GET"]}}],"collection":[{"href":"https:\/\/culturanacionalschool.hn\/index.php\/wp-json\/wp\/v2\/posts"}],"about":[{"href":"https:\/\/culturanacionalschool.hn\/index.php\/wp-json\/wp\/v2\/types\/post"}],"author":[{"embeddable":true,"href":"https:\/\/culturanacionalschool.hn\/index.php\/wp-json\/wp\/v2\/users\/5"}],"replies":[{"embeddable":true,"href":"https:\/\/culturanacionalschool.hn\/index.php\/wp-json\/wp\/v2\/comments?post=12351"}],"version-history":[{"count":3,"href":"https:\/\/culturanacionalschool.hn\/index.php\/wp-json\/wp\/v2\/posts\/12351\/revisions"}],"predecessor-version":[{"id":12358,"href":"https:\/\/culturanacionalschool.hn\/index.php\/wp-json\/wp\/v2\/posts\/12351\/revisions\/12358"}],"wp:featuredmedia":[{"embeddable":true,"href":"https:\/\/culturanacionalschool.hn\/index.php\/wp-json\/wp\/v2\/media\/12352"}],"wp:attachment":[{"href":"https:\/\/culturanacionalschool.hn\/index.php\/wp-json\/wp\/v2\/media?parent=12351"}],"wp:term":[{"taxonomy":"category","embeddable":true,"href":"https:\/\/culturanacionalschool.hn\/index.php\/wp-json\/wp\/v2\/categories?post=12351"},{"taxonomy":"post_tag","embeddable":true,"href":"https:\/\/culturanacionalschool.hn\/index.php\/wp-json\/wp\/v2\/tags?post=12351"}],"curies":[{"name":"wp","href":"https:\/\/api.w.org\/{rel}","templated":true}]}}