{"id":6406,"date":"2024-03-31T09:43:00","date_gmt":"2024-03-31T09:43:00","guid":{"rendered":"https:\/\/culturanacionalschool.hn\/?p=6406"},"modified":"2025-07-08T22:27:32","modified_gmt":"2025-07-08T22:27:32","slug":"inicia-la-cuenta-regresiva-seniors-25-dejan-huella","status":"publish","type":"post","link":"https:\/\/culturanacionalschool.hn\/index.php\/2024\/03\/31\/inicia-la-cuenta-regresiva-seniors-25-dejan-huella\/","title":{"rendered":"Inicia la Cuenta Regresiva: Seniors 25 Dejan Huella"},"content":{"rendered":"\n<p class=\"has-small-font-size\"><\/p>\n\n\n\n<figure class=\"wp-block-image size-large\"><img loading=\"lazy\" decoding=\"async\" width=\"1024\" height=\"768\" src=\"https:\/\/culturanacionalschool.hn\/wp-content\/uploads\/2025\/07\/image-7-1024x768.png\" alt=\"\" class=\"wp-image-6442\" srcset=\"https:\/\/culturanacionalschool.hn\/wp-content\/uploads\/2025\/07\/image-7-1024x768.png 1024w, https:\/\/culturanacionalschool.hn\/wp-content\/uploads\/2025\/07\/image-7-300x225.png 300w, https:\/\/culturanacionalschool.hn\/wp-content\/uploads\/2025\/07\/image-7-768x576.png 768w, https:\/\/culturanacionalschool.hn\/wp-content\/uploads\/2025\/07\/image-7.png 1440w\" sizes=\"auto, (max-width: 1024px) 100vw, 1024px\" \/><\/figure>\n\n\n\n<p><\/p>\n\n\n\n<p class=\"has-small-font-size\"><em><mark style=\"background-color:rgba(0, 0, 0, 0);color:#acacac\" class=\"has-inline-color\">La generaci\u00f3n 2025 de la Escuela Cultura Nacional Sur comenz\u00f3 su \u00faltimo a\u00f1o escolar con entusiasmo y orgullo. Con sonrisas, alegr\u00eda y un fuerte sentido de compa\u00f1erismo, los seniors participaron en una colorida caravana que marc\u00f3 el inicio de esta etapa tan especial. Vestidos con camisetas personalizadas y acompa\u00f1ados de m\u00fasica y emoci\u00f3n, recorrieron el camino hacia el colegio, celebrando su esfuerzo, unidad y el comienzo de su a\u00f1o final.<\/mark><\/em><\/p>\n\n\n\n<p><\/p>\n\n\n\n<figure class=\"wp-block-image size-large\"><img loading=\"lazy\" decoding=\"async\" width=\"1024\" height=\"768\" src=\"https:\/\/culturanacionalschool.hn\/wp-content\/uploads\/2025\/07\/image-1024x768.png\" alt=\"\" class=\"wp-image-6410\" srcset=\"https:\/\/culturanacionalschool.hn\/wp-content\/uploads\/2025\/07\/image-1024x768.png 1024w, https:\/\/culturanacionalschool.hn\/wp-content\/uploads\/2025\/07\/image-300x225.png 300w, https:\/\/culturanacionalschool.hn\/wp-content\/uploads\/2025\/07\/image-768x576.png 768w, https:\/\/culturanacionalschool.hn\/wp-content\/uploads\/2025\/07\/image.png 1440w\" sizes=\"auto, (max-width: 1024px) 100vw, 1024px\" \/><\/figure>\n\n\n\n<p><\/p>\n\n\n\n<p class=\"has-text-align-center has-small-font-size\"><mark style=\"background-color:rgba(0, 0, 0, 0);color:#acacac\" class=\"has-inline-color\"><em>Los sue\u00f1os grandes comienzan con pasos firmes, y los Seniors 2025 ya van dejando huella.<\/em><\/mark><\/p>\n\n\n\n<p><\/p>\n\n\n\n<figure class=\"wp-block-image size-large\"><img loading=\"lazy\" decoding=\"async\" width=\"1024\" height=\"768\" src=\"https:\/\/culturanacionalschool.hn\/wp-content\/uploads\/2025\/07\/image-1-1024x768.png\" alt=\"\" class=\"wp-image-6411\" srcset=\"https:\/\/culturanacionalschool.hn\/wp-content\/uploads\/2025\/07\/image-1-1024x768.png 1024w, https:\/\/culturanacionalschool.hn\/wp-content\/uploads\/2025\/07\/image-1-300x225.png 300w, https:\/\/culturanacionalschool.hn\/wp-content\/uploads\/2025\/07\/image-1-768x576.png 768w, https:\/\/culturanacionalschool.hn\/wp-content\/uploads\/2025\/07\/image-1.png 1440w\" sizes=\"auto, (max-width: 1024px) 100vw, 1024px\" \/><\/figure>\n\n\n\n<p><\/p>\n\n\n\n<p class=\"has-text-align-center has-small-font-size\"><em><mark style=\"background-color:rgba(0, 0, 0, 0);color:#acacac\" class=\"has-inline-color\">M\u00e1s que una generaci\u00f3n, los Seniors 2025 son una familia unida por sue\u00f1os, recuerdos y metas compartidas.<\/mark><\/em><\/p>\n\n\n\n<p><\/p>\n\n\n\n<figure class=\"wp-block-image size-large\"><img loading=\"lazy\" decoding=\"async\" width=\"1024\" height=\"576\" src=\"https:\/\/culturanacionalschool.hn\/wp-content\/uploads\/2025\/07\/SUMMER-HILL-SCHOOL-ESCUELA-BILINGUE-DE-TEGUCIGALPA-46-1024x576.png\" alt=\"\" class=\"wp-image-6444\" srcset=\"https:\/\/culturanacionalschool.hn\/wp-content\/uploads\/2025\/07\/SUMMER-HILL-SCHOOL-ESCUELA-BILINGUE-DE-TEGUCIGALPA-46-1024x576.png 1024w, https:\/\/culturanacionalschool.hn\/wp-content\/uploads\/2025\/07\/SUMMER-HILL-SCHOOL-ESCUELA-BILINGUE-DE-TEGUCIGALPA-46-300x169.png 300w, https:\/\/culturanacionalschool.hn\/wp-content\/uploads\/2025\/07\/SUMMER-HILL-SCHOOL-ESCUELA-BILINGUE-DE-TEGUCIGALPA-46-768x432.png 768w, https:\/\/culturanacionalschool.hn\/wp-content\/uploads\/2025\/07\/SUMMER-HILL-SCHOOL-ESCUELA-BILINGUE-DE-TEGUCIGALPA-46.png 1366w\" sizes=\"auto, (max-width: 1024px) 100vw, 1024px\" \/><\/figure>\n\n\n\n<p><\/p>\n\n\n\n<p class=\"has-text-align-center\"><em><mark style=\"background-color:rgba(0, 0, 0, 0);color:#acacac\" class=\"has-inline-color\">A los Seniors 2025, les deseamos un camino lleno de aprendizajes, logros y momentos inolvidables.<\/mark><\/em>\ud83d\udca5<\/p>\n\n\n\n<div class=\"wp-block-columns is-layout-flex wp-container-core-columns-is-layout-9d6595d7 wp-block-columns-is-layout-flex\">\n<div class=\"wp-block-column is-layout-flow wp-block-column-is-layout-flow\" style=\"flex-basis:25%\"><\/div>\n\n\n\n<div class=\"wp-block-column is-layout-flow wp-block-column-is-layout-flow\" style=\"flex-basis:50%\"><\/div>\n\n\n\n<div class=\"wp-block-column is-layout-flow wp-block-column-is-layout-flow\" style=\"flex-basis:25%\"><\/div>\n<\/div>\n\n\n\n<p><\/p>\n","protected":false},"excerpt":{"rendered":"<p>La generaci\u00f3n 2025 de la Escuela Cultura Nacional Sur comenz\u00f3 su \u00faltimo a\u00f1o escolar con entusiasmo y orgullo. Con sonrisas, alegr\u00eda y un fuerte sentido de compa\u00f1erismo, los seniors participaron [&hellip;]<\/p>\n","protected":false},"author":3,"featured_media":0,"comment_status":"open","ping_status":"open","sticky":false,"template":"","format":"standard","meta":{"footnotes":""},"categories":[2],"tags":[151,150,152,149],"class_list":["post-6406","post","type-post","status-publish","format-standard","hentry","category-blog","tag-cultura-nacional-sur","tag-entrance","tag-prom-2025","tag-seniors"],"_links":{"self":[{"href":"https:\/\/culturanacionalschool.hn\/index.php\/wp-json\/wp\/v2\/posts\/6406","targetHints":{"allow":["GET"]}}],"collection":[{"href":"https:\/\/culturanacionalschool.hn\/index.php\/wp-json\/wp\/v2\/posts"}],"about":[{"href":"https:\/\/culturanacionalschool.hn\/index.php\/wp-json\/wp\/v2\/types\/post"}],"author":[{"embeddable":true,"href":"https:\/\/culturanacionalschool.hn\/index.php\/wp-json\/wp\/v2\/users\/3"}],"replies":[{"embeddable":true,"href":"https:\/\/culturanacionalschool.hn\/index.php\/wp-json\/wp\/v2\/comments?post=6406"}],"version-history":[{"count":5,"href":"https:\/\/culturanacionalschool.hn\/index.php\/wp-json\/wp\/v2\/posts\/6406\/revisions"}],"predecessor-version":[{"id":6455,"href":"https:\/\/culturanacionalschool.hn\/index.php\/wp-json\/wp\/v2\/posts\/6406\/revisions\/6455"}],"wp:attachment":[{"href":"https:\/\/culturanacionalschool.hn\/index.php\/wp-json\/wp\/v2\/media?parent=6406"}],"wp:term":[{"taxonomy":"category","embeddable":true,"href":"https:\/\/culturanacionalschool.hn\/index.php\/wp-json\/wp\/v2\/categories?post=6406"},{"taxonomy":"post_tag","embeddable":true,"href":"https:\/\/culturanacionalschool.hn\/index.php\/wp-json\/wp\/v2\/tags?post=6406"}],"curies":[{"name":"wp","href":"https:\/\/api.w.org\/{rel}","templated":true}]}}