{"id":6632,"date":"2025-09-19T17:18:09","date_gmt":"2025-09-19T17:18:09","guid":{"rendered":"https:\/\/culturanacionalschool.hn\/?p=6632"},"modified":"2025-09-22T16:28:35","modified_gmt":"2025-09-22T16:28:35","slug":"nuestras-palillonas-y-pomponera-de-secundaria-lucieron-con-grandeza-en-los-desfiles-patrios-2023","status":"publish","type":"post","link":"https:\/\/culturanacionalschool.hn\/index.php\/2025\/09\/19\/nuestras-palillonas-y-pomponera-de-secundaria-lucieron-con-grandeza-en-los-desfiles-patrios-2023\/","title":{"rendered":"Nuestras palillonas y pomponera de secundaria lucieron con grandeza en los desfiles patrios 2023."},"content":{"rendered":"\n<p>Nuestras palillonas y pomponeras de secundaria Cultura Nacional School, quienes durante tres meses se prepararon con constancia y disciplina, lograron conquistar al p\u00fablico con una presentaci\u00f3n impecable. Cada ensayo fue muestra de compromiso y cada paso en el desfile reflej\u00f3 la pasi\u00f3n, la alegr\u00eda y el orgullo de representar a nuestra instituci\u00f3n.<\/p>\n\n\n\n<p>Con su talento, elegancia y entusiasmo, dejaron en alto el nombre de la instituci\u00f3n, convirti\u00e9ndose en un ejemplo de perseverancia y amor a la patria. Su participaci\u00f3n no solo fue un despliegue de belleza y coordinaci\u00f3n, sino tambi\u00e9n una demostraci\u00f3n del trabajo en equipo y de la formaci\u00f3n integral que reciben como estudiantes.<\/p>\n\n\n\n<figure class=\"wp-block-gallery has-nested-images columns-default is-cropped wp-block-gallery-1 is-layout-flex wp-block-gallery-is-layout-flex\">\n<figure class=\"wp-block-image size-large\"><img loading=\"lazy\" decoding=\"async\" width=\"820\" height=\"1024\" data-id=\"6636\" src=\"https:\/\/culturanacionalschool.hn\/wp-content\/uploads\/2025\/09\/ae6f0fe1-0ee0-4605-9344-ade8527cdee9-3-820x1024.jpg\" alt=\"\" class=\"wp-image-6636\" srcset=\"https:\/\/culturanacionalschool.hn\/wp-content\/uploads\/2025\/09\/ae6f0fe1-0ee0-4605-9344-ade8527cdee9-3-820x1024.jpg 820w, https:\/\/culturanacionalschool.hn\/wp-content\/uploads\/2025\/09\/ae6f0fe1-0ee0-4605-9344-ade8527cdee9-3-240x300.jpg 240w, https:\/\/culturanacionalschool.hn\/wp-content\/uploads\/2025\/09\/ae6f0fe1-0ee0-4605-9344-ade8527cdee9-3-768x959.jpg 768w, https:\/\/culturanacionalschool.hn\/wp-content\/uploads\/2025\/09\/ae6f0fe1-0ee0-4605-9344-ade8527cdee9-3.jpg 1071w\" sizes=\"auto, (max-width: 820px) 100vw, 820px\" \/><\/figure>\n\n\n\n<figure class=\"wp-block-image size-large\"><img loading=\"lazy\" decoding=\"async\" width=\"819\" height=\"1024\" data-id=\"6637\" src=\"https:\/\/culturanacionalschool.hn\/wp-content\/uploads\/2025\/09\/840b4ba0-fbfd-46ce-8b2a-ad6a6af0397e-2-819x1024.jpg\" alt=\"\" class=\"wp-image-6637\" srcset=\"https:\/\/culturanacionalschool.hn\/wp-content\/uploads\/2025\/09\/840b4ba0-fbfd-46ce-8b2a-ad6a6af0397e-2-819x1024.jpg 819w, https:\/\/culturanacionalschool.hn\/wp-content\/uploads\/2025\/09\/840b4ba0-fbfd-46ce-8b2a-ad6a6af0397e-2-240x300.jpg 240w, https:\/\/culturanacionalschool.hn\/wp-content\/uploads\/2025\/09\/840b4ba0-fbfd-46ce-8b2a-ad6a6af0397e-2-768x960.jpg 768w, https:\/\/culturanacionalschool.hn\/wp-content\/uploads\/2025\/09\/840b4ba0-fbfd-46ce-8b2a-ad6a6af0397e-2-1229x1536.jpg 1229w, https:\/\/culturanacionalschool.hn\/wp-content\/uploads\/2025\/09\/840b4ba0-fbfd-46ce-8b2a-ad6a6af0397e-2.jpg 1280w\" sizes=\"auto, (max-width: 819px) 100vw, 819px\" \/><\/figure>\n<\/figure>\n\n\n\n<figure class=\"wp-block-image size-large\"><img loading=\"lazy\" decoding=\"async\" width=\"820\" height=\"1024\" src=\"https:\/\/culturanacionalschool.hn\/wp-content\/uploads\/2025\/09\/6ff61663-ded7-412c-ab65-d6bb24f06006-3-820x1024.jpg\" alt=\"\" class=\"wp-image-6638\" srcset=\"https:\/\/culturanacionalschool.hn\/wp-content\/uploads\/2025\/09\/6ff61663-ded7-412c-ab65-d6bb24f06006-3-820x1024.jpg 820w, https:\/\/culturanacionalschool.hn\/wp-content\/uploads\/2025\/09\/6ff61663-ded7-412c-ab65-d6bb24f06006-3-240x300.jpg 240w, https:\/\/culturanacionalschool.hn\/wp-content\/uploads\/2025\/09\/6ff61663-ded7-412c-ab65-d6bb24f06006-3-768x959.jpg 768w, https:\/\/culturanacionalschool.hn\/wp-content\/uploads\/2025\/09\/6ff61663-ded7-412c-ab65-d6bb24f06006-3.jpg 865w\" sizes=\"auto, (max-width: 820px) 100vw, 820px\" \/><\/figure>\n","protected":false},"excerpt":{"rendered":"<p>Nuestras palillonas y pomponeras de secundaria Cultura Nacional School, quienes durante tres meses se prepararon con constancia y disciplina, lograron conquistar al p\u00fablico con una presentaci\u00f3n impecable. Cada ensayo fue [&hellip;]<\/p>\n","protected":false},"author":4,"featured_media":6622,"comment_status":"open","ping_status":"open","sticky":false,"template":"","format":"standard","meta":{"footnotes":""},"categories":[2,158],"tags":[],"class_list":["post-6632","post","type-post","status-publish","format-standard","has-post-thumbnail","hentry","category-blog","category-centro-school"],"_links":{"self":[{"href":"https:\/\/culturanacionalschool.hn\/index.php\/wp-json\/wp\/v2\/posts\/6632","targetHints":{"allow":["GET"]}}],"collection":[{"href":"https:\/\/culturanacionalschool.hn\/index.php\/wp-json\/wp\/v2\/posts"}],"about":[{"href":"https:\/\/culturanacionalschool.hn\/index.php\/wp-json\/wp\/v2\/types\/post"}],"author":[{"embeddable":true,"href":"https:\/\/culturanacionalschool.hn\/index.php\/wp-json\/wp\/v2\/users\/4"}],"replies":[{"embeddable":true,"href":"https:\/\/culturanacionalschool.hn\/index.php\/wp-json\/wp\/v2\/comments?post=6632"}],"version-history":[{"count":5,"href":"https:\/\/culturanacionalschool.hn\/index.php\/wp-json\/wp\/v2\/posts\/6632\/revisions"}],"predecessor-version":[{"id":6711,"href":"https:\/\/culturanacionalschool.hn\/index.php\/wp-json\/wp\/v2\/posts\/6632\/revisions\/6711"}],"wp:featuredmedia":[{"embeddable":true,"href":"https:\/\/culturanacionalschool.hn\/index.php\/wp-json\/wp\/v2\/media\/6622"}],"wp:attachment":[{"href":"https:\/\/culturanacionalschool.hn\/index.php\/wp-json\/wp\/v2\/media?parent=6632"}],"wp:term":[{"taxonomy":"category","embeddable":true,"href":"https:\/\/culturanacionalschool.hn\/index.php\/wp-json\/wp\/v2\/categories?post=6632"},{"taxonomy":"post_tag","embeddable":true,"href":"https:\/\/culturanacionalschool.hn\/index.php\/wp-json\/wp\/v2\/tags?post=6632"}],"curies":[{"name":"wp","href":"https:\/\/api.w.org\/{rel}","templated":true}]}}