{"id":6983,"date":"2025-09-22T18:42:46","date_gmt":"2025-09-22T18:42:46","guid":{"rendered":"https:\/\/culturanacionalschool.hn\/?p=6983"},"modified":"2025-09-24T06:00:45","modified_gmt":"2025-09-24T06:00:45","slug":"defensa-del-trabajo-educativo-social-2023-compromiso-y-aprendizaje","status":"publish","type":"post","link":"https:\/\/culturanacionalschool.hn\/index.php\/2025\/09\/22\/defensa-del-trabajo-educativo-social-2023-compromiso-y-aprendizaje\/","title":{"rendered":"Defensa del Trabajo Educativo Social 2023 \u2502 Compromiso y aprendizaje \ud83d\udcda\ud83d\udca1"},"content":{"rendered":"\n<p>Nuestros estudiantes en el 2023 presentaron con \u00e9xito la Defensa de su Trabajo Educativo Social, demostrando dedicaci\u00f3n, conocimiento y responsabilidad en cada proyecto. Esta actividad permiti\u00f3 a los alumnos aplicar lo aprendido, evidenciar su capacidad cr\u00edtica y reflexionar sobre el impacto de su trabajo en la comunidad. De tal forma que es una experiencia que refuerza valores como el compromiso, la \u00e9tica y el aprendizaje significativo, destacando el talento y esfuerzo de cada participante<\/p>\n\n\n\n<figure class=\"wp-block-gallery has-nested-images columns-default is-cropped wp-block-gallery-1 is-layout-flex wp-block-gallery-is-layout-flex\">\n<figure class=\"wp-block-image size-large\"><img loading=\"lazy\" decoding=\"async\" width=\"1024\" height=\"566\" data-id=\"6984\" src=\"https:\/\/culturanacionalschool.hn\/wp-content\/uploads\/2025\/09\/WhatsApp-Image-2025-09-22-at-12.39.15-PM-3-1024x566.jpeg\" alt=\"\" class=\"wp-image-6984\" srcset=\"https:\/\/culturanacionalschool.hn\/wp-content\/uploads\/2025\/09\/WhatsApp-Image-2025-09-22-at-12.39.15-PM-3-1024x566.jpeg 1024w, https:\/\/culturanacionalschool.hn\/wp-content\/uploads\/2025\/09\/WhatsApp-Image-2025-09-22-at-12.39.15-PM-3-300x166.jpeg 300w, https:\/\/culturanacionalschool.hn\/wp-content\/uploads\/2025\/09\/WhatsApp-Image-2025-09-22-at-12.39.15-PM-3-768x425.jpeg 768w, https:\/\/culturanacionalschool.hn\/wp-content\/uploads\/2025\/09\/WhatsApp-Image-2025-09-22-at-12.39.15-PM-3.jpeg 1280w\" sizes=\"auto, (max-width: 1024px) 100vw, 1024px\" \/><\/figure>\n\n\n\n<figure class=\"wp-block-image size-large\"><img loading=\"lazy\" decoding=\"async\" width=\"1024\" height=\"768\" data-id=\"6987\" src=\"https:\/\/culturanacionalschool.hn\/wp-content\/uploads\/2025\/09\/WhatsApp-Image-2025-09-22-at-12.39.15-PM-2-1024x768.jpeg\" alt=\"\" class=\"wp-image-6987\" srcset=\"https:\/\/culturanacionalschool.hn\/wp-content\/uploads\/2025\/09\/WhatsApp-Image-2025-09-22-at-12.39.15-PM-2-1024x768.jpeg 1024w, https:\/\/culturanacionalschool.hn\/wp-content\/uploads\/2025\/09\/WhatsApp-Image-2025-09-22-at-12.39.15-PM-2-300x225.jpeg 300w, https:\/\/culturanacionalschool.hn\/wp-content\/uploads\/2025\/09\/WhatsApp-Image-2025-09-22-at-12.39.15-PM-2-768x576.jpeg 768w, https:\/\/culturanacionalschool.hn\/wp-content\/uploads\/2025\/09\/WhatsApp-Image-2025-09-22-at-12.39.15-PM-2.jpeg 1280w\" sizes=\"auto, (max-width: 1024px) 100vw, 1024px\" \/><\/figure>\n\n\n\n<figure class=\"wp-block-image size-large\"><img loading=\"lazy\" decoding=\"async\" width=\"1024\" height=\"768\" data-id=\"6985\" src=\"https:\/\/culturanacionalschool.hn\/wp-content\/uploads\/2025\/09\/WhatsApp-Image-2025-09-22-at-12.39.15-PM-1024x768.jpeg\" alt=\"\" class=\"wp-image-6985\" srcset=\"https:\/\/culturanacionalschool.hn\/wp-content\/uploads\/2025\/09\/WhatsApp-Image-2025-09-22-at-12.39.15-PM-1024x768.jpeg 1024w, https:\/\/culturanacionalschool.hn\/wp-content\/uploads\/2025\/09\/WhatsApp-Image-2025-09-22-at-12.39.15-PM-300x225.jpeg 300w, https:\/\/culturanacionalschool.hn\/wp-content\/uploads\/2025\/09\/WhatsApp-Image-2025-09-22-at-12.39.15-PM-768x576.jpeg 768w, https:\/\/culturanacionalschool.hn\/wp-content\/uploads\/2025\/09\/WhatsApp-Image-2025-09-22-at-12.39.15-PM.jpeg 1280w\" sizes=\"auto, (max-width: 1024px) 100vw, 1024px\" \/><\/figure>\n<\/figure>\n\n\n\n<p><\/p>\n","protected":false},"excerpt":{"rendered":"<p>Nuestros estudiantes en el 2023 presentaron con \u00e9xito la Defensa de su Trabajo Educativo Social, demostrando dedicaci\u00f3n, conocimiento y responsabilidad en cada proyecto. Esta actividad permiti\u00f3 a los alumnos aplicar [&hellip;]<\/p>\n","protected":false},"author":4,"featured_media":6986,"comment_status":"open","ping_status":"open","sticky":false,"template":"","format":"standard","meta":{"footnotes":""},"categories":[2,158],"tags":[],"class_list":["post-6983","post","type-post","status-publish","format-standard","has-post-thumbnail","hentry","category-blog","category-centro-school"],"_links":{"self":[{"href":"https:\/\/culturanacionalschool.hn\/index.php\/wp-json\/wp\/v2\/posts\/6983","targetHints":{"allow":["GET"]}}],"collection":[{"href":"https:\/\/culturanacionalschool.hn\/index.php\/wp-json\/wp\/v2\/posts"}],"about":[{"href":"https:\/\/culturanacionalschool.hn\/index.php\/wp-json\/wp\/v2\/types\/post"}],"author":[{"embeddable":true,"href":"https:\/\/culturanacionalschool.hn\/index.php\/wp-json\/wp\/v2\/users\/4"}],"replies":[{"embeddable":true,"href":"https:\/\/culturanacionalschool.hn\/index.php\/wp-json\/wp\/v2\/comments?post=6983"}],"version-history":[{"count":3,"href":"https:\/\/culturanacionalschool.hn\/index.php\/wp-json\/wp\/v2\/posts\/6983\/revisions"}],"predecessor-version":[{"id":7238,"href":"https:\/\/culturanacionalschool.hn\/index.php\/wp-json\/wp\/v2\/posts\/6983\/revisions\/7238"}],"wp:featuredmedia":[{"embeddable":true,"href":"https:\/\/culturanacionalschool.hn\/index.php\/wp-json\/wp\/v2\/media\/6986"}],"wp:attachment":[{"href":"https:\/\/culturanacionalschool.hn\/index.php\/wp-json\/wp\/v2\/media?parent=6983"}],"wp:term":[{"taxonomy":"category","embeddable":true,"href":"https:\/\/culturanacionalschool.hn\/index.php\/wp-json\/wp\/v2\/categories?post=6983"},{"taxonomy":"post_tag","embeddable":true,"href":"https:\/\/culturanacionalschool.hn\/index.php\/wp-json\/wp\/v2\/tags?post=6983"}],"curies":[{"name":"wp","href":"https:\/\/api.w.org\/{rel}","templated":true}]}}