{"id":9743,"date":"2025-10-20T20:55:31","date_gmt":"2025-10-20T20:55:31","guid":{"rendered":"https:\/\/culturanacionalschool.hn\/?p=9743"},"modified":"2025-10-21T17:28:14","modified_gmt":"2025-10-21T17:28:14","slug":"cuidar-educar-y-formar-en-cultura-nacional-school-lo-hacemos-con-el-corazon","status":"publish","type":"post","link":"https:\/\/culturanacionalschool.hn\/index.php\/2025\/10\/20\/cuidar-educar-y-formar-en-cultura-nacional-school-lo-hacemos-con-el-corazon\/","title":{"rendered":"\ud83e\ude7a Cuidar, educar y formar\u2026 en Cultura Nacional School lo hacemos con el coraz\u00f3n"},"content":{"rendered":"\n<p>En el #culturanacionalschool la salud y bienestar de nuestros alumnos son una prioridad. \ud83e\udd17\ud83e\udef6\ud83c\udffb Todos nuestros estudiantes reciben atenci\u00f3n m\u00e9dica de la Dra. Palacios, garantizando un entorno seguro y cuidado. \ud83d\udc99<br>\u00a1Reserv\u00e1 tu cupo hoy para #preescolar, #primaria o #secundaria y s\u00e9 parte de la nueva generaci\u00f3n triling\u00fce de nuestra instituci\u00f3n educativa! \ud83c\udded\ud83c\uddf3\u2728<\/p>\n\n\n\n<figure class=\"wp-block-gallery has-nested-images columns-default is-cropped wp-block-gallery-1 is-layout-flex wp-block-gallery-is-layout-flex\">\n<figure class=\"wp-block-image size-large\"><img decoding=\"async\" data-id=\"9744\" src=\"https:\/\/culturanacionalschool.hn\/wp-content\/uploads\/2025\/10\/489956702_1283103306967869_1917766798039599019_n.jpg\" alt=\"\" class=\"wp-image-9744\"\/><\/figure>\n<\/figure>\n","protected":false},"excerpt":{"rendered":"<p>En el #culturanacionalschool la salud y bienestar de nuestros alumnos son una prioridad. \ud83e\udd17\ud83e\udef6\ud83c\udffb Todos nuestros estudiantes reciben atenci\u00f3n m\u00e9dica de la Dra. Palacios, garantizando un entorno seguro y cuidado. [&hellip;]<\/p>\n","protected":false},"author":4,"featured_media":9744,"comment_status":"open","ping_status":"open","sticky":false,"template":"","format":"standard","meta":{"footnotes":""},"categories":[2,158],"tags":[],"class_list":["post-9743","post","type-post","status-publish","format-standard","has-post-thumbnail","hentry","category-blog","category-centro-school"],"_links":{"self":[{"href":"https:\/\/culturanacionalschool.hn\/index.php\/wp-json\/wp\/v2\/posts\/9743","targetHints":{"allow":["GET"]}}],"collection":[{"href":"https:\/\/culturanacionalschool.hn\/index.php\/wp-json\/wp\/v2\/posts"}],"about":[{"href":"https:\/\/culturanacionalschool.hn\/index.php\/wp-json\/wp\/v2\/types\/post"}],"author":[{"embeddable":true,"href":"https:\/\/culturanacionalschool.hn\/index.php\/wp-json\/wp\/v2\/users\/4"}],"replies":[{"embeddable":true,"href":"https:\/\/culturanacionalschool.hn\/index.php\/wp-json\/wp\/v2\/comments?post=9743"}],"version-history":[{"count":3,"href":"https:\/\/culturanacionalschool.hn\/index.php\/wp-json\/wp\/v2\/posts\/9743\/revisions"}],"predecessor-version":[{"id":10086,"href":"https:\/\/culturanacionalschool.hn\/index.php\/wp-json\/wp\/v2\/posts\/9743\/revisions\/10086"}],"wp:featuredmedia":[{"embeddable":true,"href":"https:\/\/culturanacionalschool.hn\/index.php\/wp-json\/wp\/v2\/media\/9744"}],"wp:attachment":[{"href":"https:\/\/culturanacionalschool.hn\/index.php\/wp-json\/wp\/v2\/media?parent=9743"}],"wp:term":[{"taxonomy":"category","embeddable":true,"href":"https:\/\/culturanacionalschool.hn\/index.php\/wp-json\/wp\/v2\/categories?post=9743"},{"taxonomy":"post_tag","embeddable":true,"href":"https:\/\/culturanacionalschool.hn\/index.php\/wp-json\/wp\/v2\/tags?post=9743"}],"curies":[{"name":"wp","href":"https:\/\/api.w.org\/{rel}","templated":true}]}}